{"id":14418,"date":"2025-02-06T22:00:50","date_gmt":"2025-02-07T01:00:50","guid":{"rendered":"https:\/\/www.correiodascidades.com.br\/v1\/?p=14418"},"modified":"2025-02-07T08:20:16","modified_gmt":"2025-02-07T11:20:16","slug":"ilheus-funcionarios-do-hospital-sao-jose-clamam-por-salarios","status":"publish","type":"post","link":"https:\/\/www.correiodascidades.com.br\/v1\/2025\/02\/06\/ilheus-funcionarios-do-hospital-sao-jose-clamam-por-salarios\/","title":{"rendered":"\u00a0ILH\u00c9US: Funcion\u00e1rios do Hospital S\u00e3o Jos\u00e9 Clamam pelo pagamento dos seus sal\u00e1rios."},"content":{"rendered":"<p><img loading=\"lazy\" class=\"\" src=\"https:\/\/www.correiodascidades.com.br\/v1\/wp-content\/uploads\/2025\/02\/images.jpeg\" width=\"438\" height=\"217\" \/><\/p>\n<p>Os trabalhadores da referida unidade hospitalar est\u00e3o reivindicando o pagamento dos sal\u00e1rios que j\u00e1 passa de tr\u00eas meses indo para o quarto m\u00eas em atraso.<\/p>\n<p>Uma\u00a0 situa\u00e7\u00e3o desconfortante para as pessoas que\u00a0 trabalham todos os dias e ao final do m\u00eas o contracheque n\u00e3o v\u00eam nem est\u00e1 em dia. Este tipo de problema provoca uma serie de entraves na vida dos colaboradores. Boas partes das pessoas est\u00e3o passando muitas dificuldades at\u00e9 mesmo de se alimentarem.<\/p>\n<p>A nova diretoria composta aproximadamente h\u00e1 um m\u00eas, disse no ato da posse que iria envidar esfor\u00e7os para que os pagamentos fossem feitos em dia, algo que n\u00e3o est\u00e1 acontecendo. Desse modo os servidores est\u00e3o reivindicando com urg\u00eancia que medidas\u00a0 sejam adotadas, pois, eles n\u00e3o aguentam mais.<\/p>\n<p>Uma equipe est\u00e1 sendo formada para ir at\u00e9 a C\u00e2mara de Vereadores de Ilh\u00e9us, no sentido de buscar a poio da nova comiss\u00e3o de sa\u00fade da entidade que dever\u00e1 debater o assunto\u00a0 e buscar solu\u00e7\u00f5es, assim como tamb\u00e9m o conselho de sa\u00fade do munic\u00edpio que deve se posicionar. N\u00e3o esquecendo da promotoria p\u00fablica da sa\u00fade, que ser\u00e1 provocada.<\/p>\n","protected":false},"excerpt":{"rendered":"<p>Os trabalhadores da referida unidade hospitalar est\u00e3o reivindicando o pagamento dos sal\u00e1rios que j\u00e1 passa de tr\u00eas meses indo para o quarto m\u00eas em atraso. Uma\u00a0 situa\u00e7\u00e3o desconfortante para as pessoas que\u00a0 trabalham todos os dias e ao final do m\u00eas o contracheque n\u00e3o v\u00eam nem est\u00e1 em dia. Este tipo de problema provoca uma [&hellip;]<\/p>\n","protected":false},"author":3,"featured_media":14419,"comment_status":"closed","ping_status":"closed","sticky":false,"template":"","format":"standard","meta":{"_links_to":"","_links_to_target":""},"categories":[1],"tags":[],"_links":{"self":[{"href":"https:\/\/www.correiodascidades.com.br\/v1\/wp-json\/wp\/v2\/posts\/14418"}],"collection":[{"href":"https:\/\/www.correiodascidades.com.br\/v1\/wp-json\/wp\/v2\/posts"}],"about":[{"href":"https:\/\/www.correiodascidades.com.br\/v1\/wp-json\/wp\/v2\/types\/post"}],"author":[{"embeddable":true,"href":"https:\/\/www.correiodascidades.com.br\/v1\/wp-json\/wp\/v2\/users\/3"}],"replies":[{"embeddable":true,"href":"https:\/\/www.correiodascidades.com.br\/v1\/wp-json\/wp\/v2\/comments?post=14418"}],"version-history":[{"count":8,"href":"https:\/\/www.correiodascidades.com.br\/v1\/wp-json\/wp\/v2\/posts\/14418\/revisions"}],"predecessor-version":[{"id":14435,"href":"https:\/\/www.correiodascidades.com.br\/v1\/wp-json\/wp\/v2\/posts\/14418\/revisions\/14435"}],"wp:featuredmedia":[{"embeddable":true,"href":"https:\/\/www.correiodascidades.com.br\/v1\/wp-json\/wp\/v2\/media\/14419"}],"wp:attachment":[{"href":"https:\/\/www.correiodascidades.com.br\/v1\/wp-json\/wp\/v2\/media?parent=14418"}],"wp:term":[{"taxonomy":"category","embeddable":true,"href":"https:\/\/www.correiodascidades.com.br\/v1\/wp-json\/wp\/v2\/categories?post=14418"},{"taxonomy":"post_tag","embeddable":true,"href":"https:\/\/www.correiodascidades.com.br\/v1\/wp-json\/wp\/v2\/tags?post=14418"}],"curies":[{"name":"wp","href":"https:\/\/api.w.org\/{rel}","templated":true}]}}