{"id":14428,"date":"2025-02-07T00:06:47","date_gmt":"2025-02-07T03:06:47","guid":{"rendered":"https:\/\/www.correiodascidades.com.br\/v1\/?p=14428"},"modified":"2025-02-07T00:06:47","modified_gmt":"2025-02-07T03:06:47","slug":"preso-por-atropelar-e-matar-crianca-ao-dar-grau-em-moto-sera-transferido-ao-presidio-de-brumado","status":"publish","type":"post","link":"https:\/\/www.correiodascidades.com.br\/v1\/2025\/02\/07\/preso-por-atropelar-e-matar-crianca-ao-dar-grau-em-moto-sera-transferido-ao-presidio-de-brumado\/","title":{"rendered":"Preso por atropelar e matar crian\u00e7a ao dar grau em moto ser\u00e1 transferido ao pres\u00eddio de Brumado"},"content":{"rendered":"<p><img src=\"https:\/\/www.correiodascidades.com.br\/v1\/wp-content\/uploads\/2025\/02\/Fachada-do-Conjunto-Penal-de-Brumado_0-780x470-1.jpeg\" \/><\/p>\n<p>O homem preso por atropelar um menino e fugir do local no \u00faltimo domingo (02) passou por audi\u00eancia de cust\u00f3dia nesta quinta-feira (06), em Caetit\u00e9. Ele \u00e9 acusado da morte de Arthur de Souza Rocha. Ap\u00f3s a audi\u00eancia, a Justi\u00e7a determinou que Bruno Carvalho Santana seja transferido para o Conjunto Penal de Brumado.<\/p>\n<p>De acordo com o portal\u00a0<em>Achei Sudoeste<\/em>, o pai da v\u00edtima, \u00c9lio Alves Rocha, de 64 anos,\u00a0continua internado no hospital devido a m\u00faltiplas les\u00f5es. A 22\u00aa Coordenadoria Regional de Pol\u00edcia do Interior (Coorpin) confirmou a transfer\u00eancia do acusado, que seguir\u00e1 \u00e0 disposi\u00e7\u00e3o da Justi\u00e7a.<\/p>\n<p>A Pol\u00edcia Civil segue acompanhando o caso e prestando suporte \u00e0s investiga\u00e7\u00f5es. A delegada Adriana Santos destacou a import\u00e2ncia de combater infra\u00e7\u00f5es de tr\u00e2nsito, como rachas e manobras perigosas feitas por motociclistas, que colocam a seguran\u00e7a da popula\u00e7\u00e3o em risco.<\/p>\n<h2 class=\"wp-block-heading\">O que aconteceu<\/h2>\n<p>O<a href=\"https:\/\/midiabahia.com.br\/homem-empinando-moto-mata-crianca-em-caetite\/\">\u00a0caso aconteceu por volta das 20h20, na Avenida Olimar Oliveira Rodrigues<\/a>, em Caetit\u00e9, no in\u00edcio da semana. Segundo a pol\u00edcia, as v\u00edtimas foram atingidas por um motociclista que estava empinando moto.<\/p>\n<p>&nbsp;<\/p>\n","protected":false},"excerpt":{"rendered":"<p>O homem preso por atropelar um menino e fugir do local no \u00faltimo domingo (02) passou por audi\u00eancia de cust\u00f3dia nesta quinta-feira (06), em Caetit\u00e9. Ele \u00e9 acusado da morte de Arthur de Souza Rocha. Ap\u00f3s a audi\u00eancia, a Justi\u00e7a determinou que Bruno Carvalho Santana seja transferido para o Conjunto Penal de Brumado. De acordo [&hellip;]<\/p>\n","protected":false},"author":3,"featured_media":14429,"comment_status":"closed","ping_status":"closed","sticky":false,"template":"","format":"standard","meta":{"_links_to":"","_links_to_target":""},"categories":[1],"tags":[],"_links":{"self":[{"href":"https:\/\/www.correiodascidades.com.br\/v1\/wp-json\/wp\/v2\/posts\/14428"}],"collection":[{"href":"https:\/\/www.correiodascidades.com.br\/v1\/wp-json\/wp\/v2\/posts"}],"about":[{"href":"https:\/\/www.correiodascidades.com.br\/v1\/wp-json\/wp\/v2\/types\/post"}],"author":[{"embeddable":true,"href":"https:\/\/www.correiodascidades.com.br\/v1\/wp-json\/wp\/v2\/users\/3"}],"replies":[{"embeddable":true,"href":"https:\/\/www.correiodascidades.com.br\/v1\/wp-json\/wp\/v2\/comments?post=14428"}],"version-history":[{"count":1,"href":"https:\/\/www.correiodascidades.com.br\/v1\/wp-json\/wp\/v2\/posts\/14428\/revisions"}],"predecessor-version":[{"id":14430,"href":"https:\/\/www.correiodascidades.com.br\/v1\/wp-json\/wp\/v2\/posts\/14428\/revisions\/14430"}],"wp:featuredmedia":[{"embeddable":true,"href":"https:\/\/www.correiodascidades.com.br\/v1\/wp-json\/wp\/v2\/media\/14429"}],"wp:attachment":[{"href":"https:\/\/www.correiodascidades.com.br\/v1\/wp-json\/wp\/v2\/media?parent=14428"}],"wp:term":[{"taxonomy":"category","embeddable":true,"href":"https:\/\/www.correiodascidades.com.br\/v1\/wp-json\/wp\/v2\/categories?post=14428"},{"taxonomy":"post_tag","embeddable":true,"href":"https:\/\/www.correiodascidades.com.br\/v1\/wp-json\/wp\/v2\/tags?post=14428"}],"curies":[{"name":"wp","href":"https:\/\/api.w.org\/{rel}","templated":true}]}}