{"id":14439,"date":"2025-02-07T09:39:33","date_gmt":"2025-02-07T12:39:33","guid":{"rendered":"https:\/\/www.correiodascidades.com.br\/v1\/?p=14439"},"modified":"2025-02-07T09:46:11","modified_gmt":"2025-02-07T12:46:11","slug":"itacare-ambientalista-engenheiro-e-advogada-estao-impedindo-o-progresso-da-cidade","status":"publish","type":"post","link":"https:\/\/www.correiodascidades.com.br\/v1\/2025\/02\/07\/itacare-ambientalista-engenheiro-e-advogada-estao-impedindo-o-progresso-da-cidade\/","title":{"rendered":"ITACAR\u00c9: Ambientalista, engenheiro, e advogada, est\u00e3o impedindo o progresso da cidade"},"content":{"rendered":"<p><img loading=\"lazy\" class=\"\" src=\"https:\/\/www.correiodascidades.com.br\/v1\/wp-content\/uploads\/2025\/02\/download.jpeg\" width=\"466\" height=\"310\" \/><\/p>\n<p>Esta foto n\u00e3o reflete o local, \u00e9 apenas ilustrativa. A foto da localidade est\u00e1 sendo preservada.<\/p>\n<p>Essa afirmativa faz parte de uma narra\u00e7\u00e3o posta para a reda\u00e7\u00e3o do correio de pessoas que pedem provid\u00eancias a respeito do exposto abaixo.<\/p>\n<p>Uma carta enviada em forma de PDF, para nossa reda\u00e7\u00e3o, cujas as letras sublinhadas sinalizam e apontam para o que segue:<\/p>\n<p>Poder paralelo de empres\u00e1rios especuladores impede gera\u00e7\u00e3o de empregos em Itacar\u00e9. Mesmo com todas as aprova\u00e7\u00f5es ambientais necess\u00e1rias \u2013 incluindo o Instituto do Meio Ambiente e Recursos H\u00eddricos (Inema) e o pr\u00f3prio Comit\u00ea de Obras do Condom\u00ednio S\u00e3o Jos\u00e9 \u2013 um projeto habitacional de apenas 20 casas em uma \u00e1rea de mais de 50 mil metros quadrados enfrenta barreiras impostas por um pequeno grupo que decidiu legislar al\u00e9m dos \u00f3rg\u00e3os oficiais. A advogada Sheila Higa, a arquiteta Camila M\u00f4naco, o engenheiro Am\u00edlcar Rocha (irm\u00e3o do ambientalista Rui Rocha ) e o empres\u00e1rio americano Mr. Alan v\u00eam criando obst\u00e1culos que travam investimentos e a gera\u00e7\u00e3o de empregos na regi\u00e3o. Segundo relatos, o interesse seria puramente pessoal. Fontes apontam que Sheila Higa, advogada do condom\u00ednio, se beneficia diretamente dos lit\u00edgios gerados por disputas internas, enquanto Camila M\u00f4naco e Am\u00edlcar buscam monopolizar os projetos e constru\u00e7\u00f5es, garantindo que apenas suas empresas operem sem entraves. O caso exp\u00f5e um problema recorrente em empreendimentos da regi\u00e3o: mesmo ap\u00f3s o cumprimento rigoroso das exig\u00eancias ambientais e legais, interesses particulares se sobrep\u00f5em ao desenvolvimento econ\u00f4mico e social. Nos pr\u00f3ximos textos, aprofundaremos essa quest\u00e3o e apresentaremos os fatos que sustentam.<\/p>\n","protected":false},"excerpt":{"rendered":"<p>Esta foto n\u00e3o reflete o local, \u00e9 apenas ilustrativa. A foto da localidade est\u00e1 sendo preservada. Essa afirmativa faz parte de uma narra\u00e7\u00e3o posta para a reda\u00e7\u00e3o do correio de pessoas que pedem provid\u00eancias a respeito do exposto abaixo. Uma carta enviada em forma de PDF, para nossa reda\u00e7\u00e3o, cujas as letras sublinhadas sinalizam e [&hellip;]<\/p>\n","protected":false},"author":3,"featured_media":14440,"comment_status":"closed","ping_status":"closed","sticky":false,"template":"","format":"standard","meta":{"_links_to":"","_links_to_target":""},"categories":[1],"tags":[],"_links":{"self":[{"href":"https:\/\/www.correiodascidades.com.br\/v1\/wp-json\/wp\/v2\/posts\/14439"}],"collection":[{"href":"https:\/\/www.correiodascidades.com.br\/v1\/wp-json\/wp\/v2\/posts"}],"about":[{"href":"https:\/\/www.correiodascidades.com.br\/v1\/wp-json\/wp\/v2\/types\/post"}],"author":[{"embeddable":true,"href":"https:\/\/www.correiodascidades.com.br\/v1\/wp-json\/wp\/v2\/users\/3"}],"replies":[{"embeddable":true,"href":"https:\/\/www.correiodascidades.com.br\/v1\/wp-json\/wp\/v2\/comments?post=14439"}],"version-history":[{"count":2,"href":"https:\/\/www.correiodascidades.com.br\/v1\/wp-json\/wp\/v2\/posts\/14439\/revisions"}],"predecessor-version":[{"id":14442,"href":"https:\/\/www.correiodascidades.com.br\/v1\/wp-json\/wp\/v2\/posts\/14439\/revisions\/14442"}],"wp:featuredmedia":[{"embeddable":true,"href":"https:\/\/www.correiodascidades.com.br\/v1\/wp-json\/wp\/v2\/media\/14440"}],"wp:attachment":[{"href":"https:\/\/www.correiodascidades.com.br\/v1\/wp-json\/wp\/v2\/media?parent=14439"}],"wp:term":[{"taxonomy":"category","embeddable":true,"href":"https:\/\/www.correiodascidades.com.br\/v1\/wp-json\/wp\/v2\/categories?post=14439"},{"taxonomy":"post_tag","embeddable":true,"href":"https:\/\/www.correiodascidades.com.br\/v1\/wp-json\/wp\/v2\/tags?post=14439"}],"curies":[{"name":"wp","href":"https:\/\/api.w.org\/{rel}","templated":true}]}}