{"id":14450,"date":"2025-02-08T10:20:42","date_gmt":"2025-02-08T13:20:42","guid":{"rendered":"https:\/\/www.correiodascidades.com.br\/v1\/?p=14450"},"modified":"2025-02-08T10:20:42","modified_gmt":"2025-02-08T13:20:42","slug":"governo-ja-torrou-r13-milhoes-em-viagens-este-ano","status":"publish","type":"post","link":"https:\/\/www.correiodascidades.com.br\/v1\/2025\/02\/08\/governo-ja-torrou-r13-milhoes-em-viagens-este-ano\/","title":{"rendered":"Governo j\u00e1 torrou R$13 milh\u00f5es em viagens este ano"},"content":{"rendered":"<p><img src=\"https:\/\/www.correiodascidades.com.br\/v1\/wp-content\/uploads\/2025\/02\/79c89c6c-emb-190-vc-2-da-fab-by-sargentojohnson-1.jpg\" \/><\/p>\n<p>O\u00a0governo Lula (PT) conseguiu gastar mais de R$13,2 milh\u00f5es com viagens apenas no m\u00eas de janeiro, o m\u00eas dos recessos no Legislativo e no Judici\u00e1rio. Foram pouco mais de R$7 milh\u00f5es com as passagens a\u00e9reas e apenas R$6,1 milh\u00f5es com as di\u00e1rias pagas aos funcion\u00e1rios a t\u00edtulo de ressarcimento. Cerca de 13% do total (R$1,75 milh\u00e3o) das despesas em 2025 foram realizadas com viagens internacionais.<\/p>\n<div id=\"Nota-7\" class=\"entry-block ch-nota Nota-7\">\n<h3>Na nossa conta<\/h3>\n<\/div>\n<p>Foram realizadas 6,7 mil viagens bancadas pelo pagador de impostos este ano. O trecho mais frequente foi Bras\u00edlia-S\u00e3o Paulo (166).<\/p>\n<div id=\"Nota-8\" class=\"entry-block ch-nota Nota-8\">\n<h3>N\u00fameros oficiais<\/h3>\n<\/div>\n<p>Em 2023, o governo Lula conseguiu gastar R$2,28 bilh\u00f5es com passagens a\u00e9reas e di\u00e1rias pagas a funcion\u00e1rios em viagens.<\/p>\n<div id=\"Nota-9\" class=\"entry-block ch-nota Nota-9\">\n<h3>Prata hist\u00f3rica<\/h3>\n<\/div>\n<p>Segundo o Portal da Transpar\u00eancia, as despesas do governo federal com viagens em 2024 foram de R$2,27 bilh\u00f5es.<\/p>\n","protected":false},"excerpt":{"rendered":"<p>O\u00a0governo Lula (PT) conseguiu gastar mais de R$13,2 milh\u00f5es com viagens apenas no m\u00eas de janeiro, o m\u00eas dos recessos no Legislativo e no Judici\u00e1rio. Foram pouco mais de R$7 milh\u00f5es com as passagens a\u00e9reas e apenas R$6,1 milh\u00f5es com as di\u00e1rias pagas aos funcion\u00e1rios a t\u00edtulo de ressarcimento. Cerca de 13% do total (R$1,75 [&hellip;]<\/p>\n","protected":false},"author":3,"featured_media":14451,"comment_status":"closed","ping_status":"closed","sticky":false,"template":"","format":"standard","meta":{"_links_to":"","_links_to_target":""},"categories":[1],"tags":[],"_links":{"self":[{"href":"https:\/\/www.correiodascidades.com.br\/v1\/wp-json\/wp\/v2\/posts\/14450"}],"collection":[{"href":"https:\/\/www.correiodascidades.com.br\/v1\/wp-json\/wp\/v2\/posts"}],"about":[{"href":"https:\/\/www.correiodascidades.com.br\/v1\/wp-json\/wp\/v2\/types\/post"}],"author":[{"embeddable":true,"href":"https:\/\/www.correiodascidades.com.br\/v1\/wp-json\/wp\/v2\/users\/3"}],"replies":[{"embeddable":true,"href":"https:\/\/www.correiodascidades.com.br\/v1\/wp-json\/wp\/v2\/comments?post=14450"}],"version-history":[{"count":1,"href":"https:\/\/www.correiodascidades.com.br\/v1\/wp-json\/wp\/v2\/posts\/14450\/revisions"}],"predecessor-version":[{"id":14452,"href":"https:\/\/www.correiodascidades.com.br\/v1\/wp-json\/wp\/v2\/posts\/14450\/revisions\/14452"}],"wp:featuredmedia":[{"embeddable":true,"href":"https:\/\/www.correiodascidades.com.br\/v1\/wp-json\/wp\/v2\/media\/14451"}],"wp:attachment":[{"href":"https:\/\/www.correiodascidades.com.br\/v1\/wp-json\/wp\/v2\/media?parent=14450"}],"wp:term":[{"taxonomy":"category","embeddable":true,"href":"https:\/\/www.correiodascidades.com.br\/v1\/wp-json\/wp\/v2\/categories?post=14450"},{"taxonomy":"post_tag","embeddable":true,"href":"https:\/\/www.correiodascidades.com.br\/v1\/wp-json\/wp\/v2\/tags?post=14450"}],"curies":[{"name":"wp","href":"https:\/\/api.w.org\/{rel}","templated":true}]}}