{"id":14453,"date":"2025-02-08T10:25:50","date_gmt":"2025-02-08T13:25:50","guid":{"rendered":"https:\/\/www.correiodascidades.com.br\/v1\/?p=14453"},"modified":"2025-02-08T10:25:50","modified_gmt":"2025-02-08T13:25:50","slug":"ibirapitanga-je-assuncao-se-reune-com-jeronimo-rodrigues-e-deputado-niltinho-na-abertura-dos-trabalhos-legislativos","status":"publish","type":"post","link":"https:\/\/www.correiodascidades.com.br\/v1\/2025\/02\/08\/ibirapitanga-je-assuncao-se-reune-com-jeronimo-rodrigues-e-deputado-niltinho-na-abertura-dos-trabalhos-legislativos\/","title":{"rendered":"Ibirapitanga: J\u00e9 Assun\u00e7\u00e3o se re\u00fane com Jer\u00f4nimo Rodrigues e Deputado Niltinho na abertura dos trabalhos legislativos"},"content":{"rendered":"<p><img src=\"https:\/\/www.correiodascidades.com.br\/v1\/wp-content\/uploads\/2025\/02\/Je-Assuncao.jpg\" \/><\/p>\n<p>Durante a abertura dos trabalhos legislativos de 2025, na Assembleia Legislativa da Bahia, o prefeito de Ibirapitanga, J\u00e9 Assun\u00e7\u00e3o (Avante), participou de um encontro com o governador Jer\u00f4nimo Rodrigues (PT) e o deputado estadual Niltinho (PP).<\/p>\n<p>Na reuni\u00e3o, J\u00e9 assegurou a destina\u00e7\u00e3o de emendas e articula\u00e7\u00f5es pol\u00edticas para beneficiar n\u00e3o apenas a sede do munic\u00edpio, mas tamb\u00e9m os distritos de Itamarati, Novo Horizonte e a zona rural.<\/p>\n<p>Com pouco mais de 35 dias \u00e0 frente da administra\u00e7\u00e3o municipal, o prefeito j\u00e1 iniciou uma s\u00e9rie de a\u00e7\u00f5es estruturantes, incluindo reformas de escolas, mudan\u00e7as no Hospital Municipal, reforma do Est\u00e1dio Municipal e de campos de futebol, al\u00e9m de articular a constru\u00e7\u00e3o de 50 casas populares.<\/p>\n<p>\u201cEsse \u00e9 o in\u00edcio da transforma\u00e7\u00e3o de Ibirapitanga, com um governo que verdadeiramente trabalha para cuidar de gente\u201d, pontuou. J\u00e9 ainda destacou que segue buscando apoio e recursos para impulsionar o desenvolvimento do munic\u00edpio.<\/p>\n<p>&nbsp;<\/p>\n","protected":false},"excerpt":{"rendered":"<p>Durante a abertura dos trabalhos legislativos de 2025, na Assembleia Legislativa da Bahia, o prefeito de Ibirapitanga, J\u00e9 Assun\u00e7\u00e3o (Avante), participou de um encontro com o governador Jer\u00f4nimo Rodrigues (PT) e o deputado estadual Niltinho (PP). Na reuni\u00e3o, J\u00e9 assegurou a destina\u00e7\u00e3o de emendas e articula\u00e7\u00f5es pol\u00edticas para beneficiar n\u00e3o apenas a sede do munic\u00edpio, [&hellip;]<\/p>\n","protected":false},"author":3,"featured_media":14454,"comment_status":"closed","ping_status":"closed","sticky":false,"template":"","format":"standard","meta":{"_links_to":"","_links_to_target":""},"categories":[1],"tags":[],"_links":{"self":[{"href":"https:\/\/www.correiodascidades.com.br\/v1\/wp-json\/wp\/v2\/posts\/14453"}],"collection":[{"href":"https:\/\/www.correiodascidades.com.br\/v1\/wp-json\/wp\/v2\/posts"}],"about":[{"href":"https:\/\/www.correiodascidades.com.br\/v1\/wp-json\/wp\/v2\/types\/post"}],"author":[{"embeddable":true,"href":"https:\/\/www.correiodascidades.com.br\/v1\/wp-json\/wp\/v2\/users\/3"}],"replies":[{"embeddable":true,"href":"https:\/\/www.correiodascidades.com.br\/v1\/wp-json\/wp\/v2\/comments?post=14453"}],"version-history":[{"count":1,"href":"https:\/\/www.correiodascidades.com.br\/v1\/wp-json\/wp\/v2\/posts\/14453\/revisions"}],"predecessor-version":[{"id":14455,"href":"https:\/\/www.correiodascidades.com.br\/v1\/wp-json\/wp\/v2\/posts\/14453\/revisions\/14455"}],"wp:featuredmedia":[{"embeddable":true,"href":"https:\/\/www.correiodascidades.com.br\/v1\/wp-json\/wp\/v2\/media\/14454"}],"wp:attachment":[{"href":"https:\/\/www.correiodascidades.com.br\/v1\/wp-json\/wp\/v2\/media?parent=14453"}],"wp:term":[{"taxonomy":"category","embeddable":true,"href":"https:\/\/www.correiodascidades.com.br\/v1\/wp-json\/wp\/v2\/categories?post=14453"},{"taxonomy":"post_tag","embeddable":true,"href":"https:\/\/www.correiodascidades.com.br\/v1\/wp-json\/wp\/v2\/tags?post=14453"}],"curies":[{"name":"wp","href":"https:\/\/api.w.org\/{rel}","templated":true}]}}