{"id":14457,"date":"2025-02-09T07:44:04","date_gmt":"2025-02-09T10:44:04","guid":{"rendered":"https:\/\/www.correiodascidades.com.br\/v1\/?p=14457"},"modified":"2025-02-09T07:44:04","modified_gmt":"2025-02-09T10:44:04","slug":"i-encontro-de-servidores-da-secretaria-de-desenvolvimento-economico-e-inovacao-de-ilheus-discute-desafios-e-avancos","status":"publish","type":"post","link":"https:\/\/www.correiodascidades.com.br\/v1\/2025\/02\/09\/i-encontro-de-servidores-da-secretaria-de-desenvolvimento-economico-e-inovacao-de-ilheus-discute-desafios-e-avancos\/","title":{"rendered":"I Encontro de Servidores da Secretaria de Desenvolvimento Econ\u00f4mico e Inova\u00e7\u00e3o de Ilh\u00e9us discute desafios e avan\u00e7os"},"content":{"rendered":"<p><img src=\"https:\/\/www.correiodascidades.com.br\/v1\/wp-content\/uploads\/2025\/02\/09234a56-b227-4d2d-8c1d-2da20c89ff24.jpeg\" \/><\/p>\n<p>O I Encontro de Servidores da Secretaria de Desenvolvimento Econ\u00f4mico e Inova\u00e7\u00e3o de Ilh\u00e9us foi realizado nesta sexta-feira (07), na sede da Associa\u00e7\u00e3o Comercial e Industrial de Ilh\u00e9us (ACII). Com apoio do SEBRAE, do Sistema FIEB, da Avatim, dos M\u00f3veis S\u00e3o Jorge e da ACII, o evento reuniu autoridades municipais, servidores e parceiros para discutir os desafios e as metas da pasta.<\/p>\n<p>Estiveram presentes o prefeito Valderico Junior, a vice-prefeita Wanessa Gedeon, o secret\u00e1rio Paulo Ganem e a gerente regional do SEBRAE, Claudiana Figueiredo, que ministrou uma palestra sobre a relev\u00e2ncia da secretaria para o desenvolvimento do munic\u00edpio e o papel essencial de seus servidores.<\/p>\n<p><img loading=\"lazy\" class=\"alignnone size-medium wp-image-14459\" src=\"https:\/\/www.correiodascidades.com.br\/v1\/wp-content\/uploads\/2025\/02\/202d5c94-a67a-4f8f-86f3-90863f25c124-300x200.jpeg\" alt=\"\" width=\"300\" height=\"200\" srcset=\"https:\/\/www.correiodascidades.com.br\/v1\/wp-content\/uploads\/2025\/02\/202d5c94-a67a-4f8f-86f3-90863f25c124-300x200.jpeg 300w, https:\/\/www.correiodascidades.com.br\/v1\/wp-content\/uploads\/2025\/02\/202d5c94-a67a-4f8f-86f3-90863f25c124.jpeg 600w\" sizes=\"(max-width: 300px) 100vw, 300px\" \/><\/p>\n<p>Paulo Ganem apresentou os principais desafios da pasta, destacando projetos como a implanta\u00e7\u00e3o do Ilh\u00e9us Smart City, a revitaliza\u00e7\u00e3o do Distrito Industrial em parceria com o governo estadual e a transforma\u00e7\u00e3o de Ilh\u00e9us na Cidade da Inova\u00e7\u00e3o, promovendo a realiza\u00e7\u00e3o de eventos tem\u00e1ticos, como a Semana de Inova\u00e7\u00e3o. Tamb\u00e9m enfatizou a necessidade de modernizar processos, agilizar a abertura de empresas, ordenar o com\u00e9rcio local e atrair novos investimentos para o munic\u00edpio. <!--more--><\/p>\n<p>Os servidores compartilharam desafios enfrentados no dia a dia, mas tamb\u00e9m demonstraram disposi\u00e7\u00e3o e empenho para aprimorar os processos internos da prefeitura. No encontro, o prefeito Valderico Junior ressaltou a import\u00e2ncia da pasta e destacou as a\u00e7\u00f5es que v\u00eam sendo realizadas para capta\u00e7\u00e3o de recursos junto a \u00f3rg\u00e3os estaduais e federais.<\/p>\n","protected":false},"excerpt":{"rendered":"<p>O I Encontro de Servidores da Secretaria de Desenvolvimento Econ\u00f4mico e Inova\u00e7\u00e3o de Ilh\u00e9us foi realizado nesta sexta-feira (07), na sede da Associa\u00e7\u00e3o Comercial e Industrial de Ilh\u00e9us (ACII). Com apoio do SEBRAE, do Sistema FIEB, da Avatim, dos M\u00f3veis S\u00e3o Jorge e da ACII, o evento reuniu autoridades municipais, servidores e parceiros para discutir [&hellip;]<\/p>\n","protected":false},"author":3,"featured_media":14458,"comment_status":"closed","ping_status":"closed","sticky":false,"template":"","format":"standard","meta":{"_links_to":"","_links_to_target":""},"categories":[1],"tags":[],"_links":{"self":[{"href":"https:\/\/www.correiodascidades.com.br\/v1\/wp-json\/wp\/v2\/posts\/14457"}],"collection":[{"href":"https:\/\/www.correiodascidades.com.br\/v1\/wp-json\/wp\/v2\/posts"}],"about":[{"href":"https:\/\/www.correiodascidades.com.br\/v1\/wp-json\/wp\/v2\/types\/post"}],"author":[{"embeddable":true,"href":"https:\/\/www.correiodascidades.com.br\/v1\/wp-json\/wp\/v2\/users\/3"}],"replies":[{"embeddable":true,"href":"https:\/\/www.correiodascidades.com.br\/v1\/wp-json\/wp\/v2\/comments?post=14457"}],"version-history":[{"count":1,"href":"https:\/\/www.correiodascidades.com.br\/v1\/wp-json\/wp\/v2\/posts\/14457\/revisions"}],"predecessor-version":[{"id":14460,"href":"https:\/\/www.correiodascidades.com.br\/v1\/wp-json\/wp\/v2\/posts\/14457\/revisions\/14460"}],"wp:featuredmedia":[{"embeddable":true,"href":"https:\/\/www.correiodascidades.com.br\/v1\/wp-json\/wp\/v2\/media\/14458"}],"wp:attachment":[{"href":"https:\/\/www.correiodascidades.com.br\/v1\/wp-json\/wp\/v2\/media?parent=14457"}],"wp:term":[{"taxonomy":"category","embeddable":true,"href":"https:\/\/www.correiodascidades.com.br\/v1\/wp-json\/wp\/v2\/categories?post=14457"},{"taxonomy":"post_tag","embeddable":true,"href":"https:\/\/www.correiodascidades.com.br\/v1\/wp-json\/wp\/v2\/tags?post=14457"}],"curies":[{"name":"wp","href":"https:\/\/api.w.org\/{rel}","templated":true}]}}