{"id":14464,"date":"2025-02-09T11:34:16","date_gmt":"2025-02-09T14:34:16","guid":{"rendered":"https:\/\/www.correiodascidades.com.br\/v1\/?p=14464"},"modified":"2025-02-09T11:34:16","modified_gmt":"2025-02-09T14:34:16","slug":"ex-prefeito-de-pirai-do-norte-andre-gazo-morre-apos-ser-atropelado-em-gandu","status":"publish","type":"post","link":"https:\/\/www.correiodascidades.com.br\/v1\/2025\/02\/09\/ex-prefeito-de-pirai-do-norte-andre-gazo-morre-apos-ser-atropelado-em-gandu\/","title":{"rendered":"Ex-prefeito de Pira\u00ed do Norte, Andr\u00e9 Gazo, morre ap\u00f3s ser atropelado em Gandu"},"content":{"rendered":"<p><img src=\"https:\/\/www.correiodascidades.com.br\/v1\/wp-content\/uploads\/2025\/02\/ANDRE-GAZO.jpg\" \/><\/p>\n<p>O ex-prefeito de Pira\u00ed do Norte, Andr\u00e9 dos Santos Mam\u00e9dio, conhecido como Andr\u00e9 Gazo , de 80 anos, faleceu na manh\u00e3 deste s\u00e1bado (8) ap\u00f3s ser atropelado por uma motocicleta no centro de Gandu. O acidente aconteceu enquanto ele atravessava a rua.<\/p>\n<p>Segundo informa\u00e7\u00f5es preliminares, o motociclista fugiu do local sem prestar socorro \u00e0 v\u00edtima. Andr\u00e9 Gazo chegou a ser socorrido e encaminhado para o Hospital Jo\u00e3o Batista de Assis, mas n\u00e3o resistiu aos ferimentos e morreu pouco depois. Figura importante na pol\u00edtica regional, Andr\u00e9 Gazo foi prefeito de Pira\u00ed do Norte entre 2004 e 2008 e, em 2020 , foi eleito vice-prefeito na chapa liderada pelo ex-prefeito Ulysses Veiga.<\/p>\n<p>Sua morte deixa um legado pol\u00edtico e um grande vazio para a comunidade local. As autoridades investigam o acidente para tentar localizar o motociclista envolvido.<em>\u00a0(Ubaitaba Urgente \u2013 Sempre em busca da not\u00edcia para voc\u00ea!)<\/em><\/p>\n","protected":false},"excerpt":{"rendered":"<p>O ex-prefeito de Pira\u00ed do Norte, Andr\u00e9 dos Santos Mam\u00e9dio, conhecido como Andr\u00e9 Gazo , de 80 anos, faleceu na manh\u00e3 deste s\u00e1bado (8) ap\u00f3s ser atropelado por uma motocicleta no centro de Gandu. O acidente aconteceu enquanto ele atravessava a rua. Segundo informa\u00e7\u00f5es preliminares, o motociclista fugiu do local sem prestar socorro \u00e0 v\u00edtima. [&hellip;]<\/p>\n","protected":false},"author":3,"featured_media":14465,"comment_status":"closed","ping_status":"closed","sticky":false,"template":"","format":"standard","meta":{"_links_to":"","_links_to_target":""},"categories":[1],"tags":[],"_links":{"self":[{"href":"https:\/\/www.correiodascidades.com.br\/v1\/wp-json\/wp\/v2\/posts\/14464"}],"collection":[{"href":"https:\/\/www.correiodascidades.com.br\/v1\/wp-json\/wp\/v2\/posts"}],"about":[{"href":"https:\/\/www.correiodascidades.com.br\/v1\/wp-json\/wp\/v2\/types\/post"}],"author":[{"embeddable":true,"href":"https:\/\/www.correiodascidades.com.br\/v1\/wp-json\/wp\/v2\/users\/3"}],"replies":[{"embeddable":true,"href":"https:\/\/www.correiodascidades.com.br\/v1\/wp-json\/wp\/v2\/comments?post=14464"}],"version-history":[{"count":1,"href":"https:\/\/www.correiodascidades.com.br\/v1\/wp-json\/wp\/v2\/posts\/14464\/revisions"}],"predecessor-version":[{"id":14466,"href":"https:\/\/www.correiodascidades.com.br\/v1\/wp-json\/wp\/v2\/posts\/14464\/revisions\/14466"}],"wp:featuredmedia":[{"embeddable":true,"href":"https:\/\/www.correiodascidades.com.br\/v1\/wp-json\/wp\/v2\/media\/14465"}],"wp:attachment":[{"href":"https:\/\/www.correiodascidades.com.br\/v1\/wp-json\/wp\/v2\/media?parent=14464"}],"wp:term":[{"taxonomy":"category","embeddable":true,"href":"https:\/\/www.correiodascidades.com.br\/v1\/wp-json\/wp\/v2\/categories?post=14464"},{"taxonomy":"post_tag","embeddable":true,"href":"https:\/\/www.correiodascidades.com.br\/v1\/wp-json\/wp\/v2\/tags?post=14464"}],"curies":[{"name":"wp","href":"https:\/\/api.w.org\/{rel}","templated":true}]}}