{"id":14473,"date":"2025-02-09T13:45:30","date_gmt":"2025-02-09T16:45:30","guid":{"rendered":"https:\/\/www.correiodascidades.com.br\/v1\/?p=14473"},"modified":"2025-02-09T13:45:30","modified_gmt":"2025-02-09T16:45:30","slug":"ilheus-homem-morre-afogado-e-o-corpo-esta-no-dpt-a-espera-de-familiares","status":"publish","type":"post","link":"https:\/\/www.correiodascidades.com.br\/v1\/2025\/02\/09\/ilheus-homem-morre-afogado-e-o-corpo-esta-no-dpt-a-espera-de-familiares\/","title":{"rendered":"ILH\u00c9US: Homem morre afogado e o corpo est\u00e1 no DPT, a espera de familiares"},"content":{"rendered":"<p><img src=\"https:\/\/www.correiodascidades.com.br\/v1\/wp-content\/uploads\/2025\/02\/de4b4e30-d5c5-4d15-888c-c2ee3f76bc61.jpeg\" \/><\/p>\n<p>Um homem sem identifica\u00e7\u00e3o morreu na tarde de s\u00e1bado na cidade e o corpo est\u00e1 esperando algum familiar \u00e1 informa\u00e7\u00e3o que o mesmo tem um irm\u00e3o conhecido por Paulo Rasta que trabalha na prefeitura e mora no bairro novo Ilh\u00e9us, procura-se por um parente ou algu\u00e9m que possa encaminhar o mesmo para sepultamento. a policia t\u00e9cnica est\u00e1 a procura dos parentes.<\/p>\n","protected":false},"excerpt":{"rendered":"<p>Um homem sem identifica\u00e7\u00e3o morreu na tarde de s\u00e1bado na cidade e o corpo est\u00e1 esperando algum familiar \u00e1 informa\u00e7\u00e3o que o mesmo tem um irm\u00e3o conhecido por Paulo Rasta que trabalha na prefeitura e mora no bairro novo Ilh\u00e9us, procura-se por um parente ou algu\u00e9m que possa encaminhar o mesmo para sepultamento. a policia [&hellip;]<\/p>\n","protected":false},"author":3,"featured_media":14474,"comment_status":"closed","ping_status":"closed","sticky":false,"template":"","format":"standard","meta":{"_links_to":"","_links_to_target":""},"categories":[1],"tags":[],"_links":{"self":[{"href":"https:\/\/www.correiodascidades.com.br\/v1\/wp-json\/wp\/v2\/posts\/14473"}],"collection":[{"href":"https:\/\/www.correiodascidades.com.br\/v1\/wp-json\/wp\/v2\/posts"}],"about":[{"href":"https:\/\/www.correiodascidades.com.br\/v1\/wp-json\/wp\/v2\/types\/post"}],"author":[{"embeddable":true,"href":"https:\/\/www.correiodascidades.com.br\/v1\/wp-json\/wp\/v2\/users\/3"}],"replies":[{"embeddable":true,"href":"https:\/\/www.correiodascidades.com.br\/v1\/wp-json\/wp\/v2\/comments?post=14473"}],"version-history":[{"count":1,"href":"https:\/\/www.correiodascidades.com.br\/v1\/wp-json\/wp\/v2\/posts\/14473\/revisions"}],"predecessor-version":[{"id":14475,"href":"https:\/\/www.correiodascidades.com.br\/v1\/wp-json\/wp\/v2\/posts\/14473\/revisions\/14475"}],"wp:featuredmedia":[{"embeddable":true,"href":"https:\/\/www.correiodascidades.com.br\/v1\/wp-json\/wp\/v2\/media\/14474"}],"wp:attachment":[{"href":"https:\/\/www.correiodascidades.com.br\/v1\/wp-json\/wp\/v2\/media?parent=14473"}],"wp:term":[{"taxonomy":"category","embeddable":true,"href":"https:\/\/www.correiodascidades.com.br\/v1\/wp-json\/wp\/v2\/categories?post=14473"},{"taxonomy":"post_tag","embeddable":true,"href":"https:\/\/www.correiodascidades.com.br\/v1\/wp-json\/wp\/v2\/tags?post=14473"}],"curies":[{"name":"wp","href":"https:\/\/api.w.org\/{rel}","templated":true}]}}