{"id":14476,"date":"2025-02-09T22:07:38","date_gmt":"2025-02-10T01:07:38","guid":{"rendered":"https:\/\/www.correiodascidades.com.br\/v1\/?p=14476"},"modified":"2025-02-09T22:09:01","modified_gmt":"2025-02-10T01:09:01","slug":"ibicui-junior-lebre-presidente-da-camara-promete-mais-um-mandato-em-prol-do-povo","status":"publish","type":"post","link":"https:\/\/www.correiodascidades.com.br\/v1\/2025\/02\/09\/ibicui-junior-lebre-presidente-da-camara-promete-mais-um-mandato-em-prol-do-povo\/","title":{"rendered":"Ibicu\u00ed: Junior Lebre presidente da C\u00e2mara promete mais um mandato em prol do povo"},"content":{"rendered":"<p><img loading=\"lazy\" class=\"\" src=\"https:\/\/www.correiodascidades.com.br\/v1\/wp-content\/uploads\/2025\/02\/download-6.jpeg\" width=\"580\" height=\"811\" \/><\/p>\n<p>Eleito com 693 votos de pessoas que o confiaram a cadeira pela segunda vez, dando ao mesmo o segundo mandato e ficando em segundo lugar mais votado, o agora tamb\u00e9m Presidente da mesa diretora-promete que far\u00e1 um novo mandato, por\u00e9m pensando muito mais e de forma direta na popula\u00e7\u00e3o que sempre o teve carinho e respeito.<\/p>\n<p>A principal bandeira do vereador \u00e9 a sa\u00fade J\u00fanior tem na profiss\u00e3o sua marca de ser uma pessoa que briga pela vida das pessoas por entender a import\u00e2ncia da sa\u00fade.<\/p>\n<p>O vereador defende mais sa\u00fade, mais educa\u00e7\u00e3o entre outros itens que deve est\u00e1 a disposi\u00e7\u00e3o do povo.<\/p>\n<p>&nbsp;<\/p>\n","protected":false},"excerpt":{"rendered":"<p>Eleito com 693 votos de pessoas que o confiaram a cadeira pela segunda vez, dando ao mesmo o segundo mandato e ficando em segundo lugar mais votado, o agora tamb\u00e9m Presidente da mesa diretora-promete que far\u00e1 um novo mandato, por\u00e9m pensando muito mais e de forma direta na popula\u00e7\u00e3o que sempre o teve carinho e [&hellip;]<\/p>\n","protected":false},"author":3,"featured_media":14477,"comment_status":"closed","ping_status":"closed","sticky":false,"template":"","format":"standard","meta":{"_links_to":"","_links_to_target":""},"categories":[1],"tags":[],"_links":{"self":[{"href":"https:\/\/www.correiodascidades.com.br\/v1\/wp-json\/wp\/v2\/posts\/14476"}],"collection":[{"href":"https:\/\/www.correiodascidades.com.br\/v1\/wp-json\/wp\/v2\/posts"}],"about":[{"href":"https:\/\/www.correiodascidades.com.br\/v1\/wp-json\/wp\/v2\/types\/post"}],"author":[{"embeddable":true,"href":"https:\/\/www.correiodascidades.com.br\/v1\/wp-json\/wp\/v2\/users\/3"}],"replies":[{"embeddable":true,"href":"https:\/\/www.correiodascidades.com.br\/v1\/wp-json\/wp\/v2\/comments?post=14476"}],"version-history":[{"count":2,"href":"https:\/\/www.correiodascidades.com.br\/v1\/wp-json\/wp\/v2\/posts\/14476\/revisions"}],"predecessor-version":[{"id":14479,"href":"https:\/\/www.correiodascidades.com.br\/v1\/wp-json\/wp\/v2\/posts\/14476\/revisions\/14479"}],"wp:featuredmedia":[{"embeddable":true,"href":"https:\/\/www.correiodascidades.com.br\/v1\/wp-json\/wp\/v2\/media\/14477"}],"wp:attachment":[{"href":"https:\/\/www.correiodascidades.com.br\/v1\/wp-json\/wp\/v2\/media?parent=14476"}],"wp:term":[{"taxonomy":"category","embeddable":true,"href":"https:\/\/www.correiodascidades.com.br\/v1\/wp-json\/wp\/v2\/categories?post=14476"},{"taxonomy":"post_tag","embeddable":true,"href":"https:\/\/www.correiodascidades.com.br\/v1\/wp-json\/wp\/v2\/tags?post=14476"}],"curies":[{"name":"wp","href":"https:\/\/api.w.org\/{rel}","templated":true}]}}