{"id":1454,"date":"2022-11-13T17:45:00","date_gmt":"2022-11-13T20:45:00","guid":{"rendered":"https:\/\/www.correiodascidades.com.br\/v1\/?p=1454"},"modified":"2022-11-16T09:05:52","modified_gmt":"2022-11-16T12:05:52","slug":"de-forma-vergonhosa-os-jogadores-da-selecao-de-itajuipe-perdem-o-titulo-dentro-de-casa","status":"publish","type":"post","link":"https:\/\/www.correiodascidades.com.br\/v1\/2022\/11\/13\/de-forma-vergonhosa-os-jogadores-da-selecao-de-itajuipe-perdem-o-titulo-dentro-de-casa\/","title":{"rendered":"De forma vergonhosa os jogadores da Sele\u00e7\u00e3o de Itaju\u00edpe perdem o t\u00edtulo dentro de casa."},"content":{"rendered":"<p><img loading=\"lazy\" class=\"\" src=\"https:\/\/www.correiodascidades.com.br\/v1\/wp-content\/uploads\/2022\/11\/transferir-1.jpeg\" width=\"614\" height=\"460\" \/><\/p>\n<p>Um domingo de decep\u00e7ao para a regi\u00e3o sul que gosta de futebol e torcia para a sele\u00e7\u00e3o de Itajuipe. uma data que vai ficar na hist\u00f3ria, domingo 13 de Novembro 2022 \/\u00a0 atarde em Itajuipe. Nem mesmo em um baba de V\u00e1rzea se perceberia o que os corredores em campo fizeram.<!--more--> Primeiro perder dentro de casa, tendo a vantagem at\u00e9 mesmo da derrota por dois tempos a zero, mais o time fez pior perdeu al\u00e9m do que podia perder. perdeu de forma absurda por 3&#215;2 em tempo normal de virada, levando a torcida a uma chatea\u00e7\u00e3o extrema, depois provar de fato que s\u00e3o ruins de bola.<\/p>\n<p>Desperdi\u00e7ar um p\u00eanalti \u00e9 normal, mas n\u00e3o balan\u00e7ar a rede,\u00a0 chutando cinco vezes errado \u00e9 de fato mostrar que futebol n\u00e3o \u00e9 a pratica dos mesmos. A torcida ficou frustrada, os profissionais que foram a campo trabalhar\u00a0 tiveram uma vis\u00e3o clara que a sele\u00e7\u00e3o dos anos noventa em nada poderia se parecer com esta.<\/p>\n<p>Fica a demonstra\u00e7\u00e3o de ruindade aliado a decep\u00e7\u00e3o, fica tamb\u00e9m a perda de tempo e o preju\u00edzo por ter gastado dinheiro para ver nada de futebol e sim a ruindade comprovada nos penaltis. Esta materia traduz a realidade do que foi posto em campo. Para um futebol ruim e decpcionante um texto que possa ser visto como a verdade dos fatos. Nada contra ningu\u00e9m, apenas um texto Jornalistico que deve ser respeitado. Este \u00e9 o papel da imprensa escrever a verdade doa em quem doer.<\/p>\n","protected":false},"excerpt":{"rendered":"<p>Um domingo de decep\u00e7ao para a regi\u00e3o sul que gosta de futebol e torcia para a sele\u00e7\u00e3o de Itajuipe. uma data que vai ficar na hist\u00f3ria, domingo 13 de Novembro 2022 \/\u00a0 atarde em Itajuipe. Nem mesmo em um baba de V\u00e1rzea se perceberia o que os corredores em campo fizeram.<\/p>\n","protected":false},"author":3,"featured_media":1455,"comment_status":"closed","ping_status":"closed","sticky":false,"template":"","format":"standard","meta":{"_links_to":"","_links_to_target":""},"categories":[3],"tags":[],"_links":{"self":[{"href":"https:\/\/www.correiodascidades.com.br\/v1\/wp-json\/wp\/v2\/posts\/1454"}],"collection":[{"href":"https:\/\/www.correiodascidades.com.br\/v1\/wp-json\/wp\/v2\/posts"}],"about":[{"href":"https:\/\/www.correiodascidades.com.br\/v1\/wp-json\/wp\/v2\/types\/post"}],"author":[{"embeddable":true,"href":"https:\/\/www.correiodascidades.com.br\/v1\/wp-json\/wp\/v2\/users\/3"}],"replies":[{"embeddable":true,"href":"https:\/\/www.correiodascidades.com.br\/v1\/wp-json\/wp\/v2\/comments?post=1454"}],"version-history":[{"count":8,"href":"https:\/\/www.correiodascidades.com.br\/v1\/wp-json\/wp\/v2\/posts\/1454\/revisions"}],"predecessor-version":[{"id":1491,"href":"https:\/\/www.correiodascidades.com.br\/v1\/wp-json\/wp\/v2\/posts\/1454\/revisions\/1491"}],"wp:featuredmedia":[{"embeddable":true,"href":"https:\/\/www.correiodascidades.com.br\/v1\/wp-json\/wp\/v2\/media\/1455"}],"wp:attachment":[{"href":"https:\/\/www.correiodascidades.com.br\/v1\/wp-json\/wp\/v2\/media?parent=1454"}],"wp:term":[{"taxonomy":"category","embeddable":true,"href":"https:\/\/www.correiodascidades.com.br\/v1\/wp-json\/wp\/v2\/categories?post=1454"},{"taxonomy":"post_tag","embeddable":true,"href":"https:\/\/www.correiodascidades.com.br\/v1\/wp-json\/wp\/v2\/tags?post=1454"}],"curies":[{"name":"wp","href":"https:\/\/api.w.org\/{rel}","templated":true}]}}