{"id":14671,"date":"2025-02-21T07:24:38","date_gmt":"2025-02-21T10:24:38","guid":{"rendered":"https:\/\/www.correiodascidades.com.br\/v1\/?p=14671"},"modified":"2025-02-21T07:24:38","modified_gmt":"2025-02-21T10:24:38","slug":"saiba-quem-tem-direito-ao-auxilio-doenca-e-como-retirar-o-beneficio","status":"publish","type":"post","link":"https:\/\/www.correiodascidades.com.br\/v1\/2025\/02\/21\/saiba-quem-tem-direito-ao-auxilio-doenca-e-como-retirar-o-beneficio\/","title":{"rendered":"Saiba quem tem direito ao aux\u00edlio-doen\u00e7a e como retirar o benef\u00edcio"},"content":{"rendered":"<p><img src=\"https:\/\/www.correiodascidades.com.br\/v1\/wp-content\/uploads\/2025\/02\/maioria-do-stf-mantem-regras-de-pensao-por-morte-do-inss-1788953-article-_1_-1.jpeg\" \/><\/p>\n<p>Na Bahia, 53.103 pessoas aguardam na fila por benef\u00edcios do\u00a0Instituto Nacional do Seguro Social (INSS) h\u00e1 mais de 45 dias. A maior parte deles espera a an\u00e1lise de pedidos de benef\u00edcios por incapacidade (aux\u00edlio-doen\u00e7a). S\u00e3o 44.914 pessoas nessa situa\u00e7\u00e3o, segundo dados de novembro do ano passado &#8211; os mais recentes sobre o tema.<\/p>\n<div class=\"flex flex-col p-2 px-0 w-full font-normal text-[18px] leading-[30px] text-tw-theme-text-default\">\n<p id=\"paragrafo-7w9arm9kgt\">O prazo extrapola um acordo firmado entre o INSS e o Minist\u00e9rio P\u00fablico Federal (MPF) sobre os prazos para an\u00e1lise do benef\u00edcio, em 2021. O per\u00edodo de an\u00e1lise deve ser de at\u00e9 45 dias para o aux\u00edlio-doen\u00e7a, como era chamado anteriormente.<\/p>\n<\/div>\n<div class=\"flex flex-col p-2 px-0 w-full font-normal text-[18px] leading-[30px] text-tw-theme-text-default\">\n<p id=\"paragrafo-3h6dy9r7ah\">O benef\u00edcio \u00e9 destinado aos trabalhadores que\u00a0contribuem mensalmente com a Previd\u00eancia Social e que, devido a problemas de sa\u00fade, est\u00e3o temporariamente incapacitados de retornar \u00e0s suas atividades. Para dar entrada no pedido, \u00e9 preciso apresentar atestado m\u00e9dico solicitando afastamento por mais de 15 dias consecutivos.<\/p>\n<\/div>\n<p><!--more--><\/p>\n<div class=\"flex flex-col p-2 px-0 w-full font-normal text-[18px] leading-[30px] text-tw-theme-text-default\">\n<p id=\"paragrafo-2ieym9x7s4\">A an\u00e1lise do benef\u00edcio por incapacidade \u00e9 feita em duas etapas, como explica Leandro Murilo Pereira, diretor do Instituto Brasileiro de Direito Previdenci\u00e1rio (IBDP). &#8220;A an\u00e1lise m\u00e9dica vai constatar a capacidade ou n\u00e3o. Em seguida, \u00e9 realizada a an\u00e1lise administrativa, que vai avaliar a qualidade do segurado&#8221;, afirma. Ou seja, al\u00e9m da sa\u00fade, a Previd\u00eancia avalia se as contribui\u00e7\u00f5es do solicitante foram realizadas.<\/p>\n<p><img src=\"https:\/\/midias.correio24horas.com.br\/2025\/02\/20\/prazos-para-analise-de-beneficios-do-inss-segundo-acordo-estabelecido-com-o-mpf-2618848.jpeg\" alt=\"Prazos para an\u00e1lise de benef\u00edcios do INSS, segundo acordo estabelecido com o MPF\" \/><\/p>\n<\/div>\n<div class=\"flex flex-col p-2 px-0 w-full font-normal text-[18px] leading-[30px] text-tw-theme-text-default\">\n<p id=\"paragrafo-o3b0289p35\">O valor do benef\u00edcio depender\u00e1 do tipo de benef\u00edcio, tempo e valor de contribui\u00e7\u00e3o do solicitante. Quando o prazo de an\u00e1lise do pedido extrapola o permitido, \u00e9 poss\u00edvel acionar a Justi\u00e7a atrav\u00e9s de um mandado de seguran\u00e7a. &#8220;Os advogados podem solicitar que a per\u00edcia presencial seja realizada em at\u00e9 48 horas ou o pagamento do benef\u00edcio em car\u00e1ter liminar&#8221;, explica Juliana Costa Pinto, advogada trabalhista e previdenciarista.<\/p>\n<p>Nacionalmente, o n\u00famero de pessoas que aguardam benef\u00edcios do INSS voltou a crescer. O\u00a0n\u00famero de pedidos em an\u00e1lise chegou a 1,985 milh\u00e3o em novembro do ano passado,\u00a0o maior n\u00edvel desde o in\u00edcio de 2020.<\/p>\n<div class=\"flex flex-col p-2 px-0 w-full\">\n<div id=\"imagem-b94lkcibd8\" class=\"w-full\">Prazos para an\u00e1lise de benef\u00edcios do INSS, segundo acordo estabelecido com o MPF\u00a0<span class=\"font-bold\">Cr\u00e9dito: Reprodu\u00e7\u00e3o<\/span><\/div>\n<\/div>\n<div class=\"flex flex-col p-2 px-0 w-full font-normal text-[18px] leading-[30px] text-tw-theme-text-default\">\n<p id=\"paragrafo-n714n9b7h1\">O INSS justifica que o aumento nos \u00faltimos meses de 2024 tem rela\u00e7\u00e3o com a greve dos\u00a0servidores e peritos, al\u00e9m de altera\u00e7\u00f5es da lei que passou a exigir biometria para o Benef\u00edcio de Presta\u00e7\u00e3o Continuada (BPC), que gerou um represamento, al\u00e9m do aumento de requerimentos.<\/p>\n<\/div>\n<\/div>\n","protected":false},"excerpt":{"rendered":"<p>Na Bahia, 53.103 pessoas aguardam na fila por benef\u00edcios do\u00a0Instituto Nacional do Seguro Social (INSS) h\u00e1 mais de 45 dias. A maior parte deles espera a an\u00e1lise de pedidos de benef\u00edcios por incapacidade (aux\u00edlio-doen\u00e7a). S\u00e3o 44.914 pessoas nessa situa\u00e7\u00e3o, segundo dados de novembro do ano passado &#8211; os mais recentes sobre o tema. O prazo [&hellip;]<\/p>\n","protected":false},"author":3,"featured_media":14673,"comment_status":"closed","ping_status":"closed","sticky":false,"template":"","format":"standard","meta":{"_links_to":"","_links_to_target":""},"categories":[1],"tags":[],"_links":{"self":[{"href":"https:\/\/www.correiodascidades.com.br\/v1\/wp-json\/wp\/v2\/posts\/14671"}],"collection":[{"href":"https:\/\/www.correiodascidades.com.br\/v1\/wp-json\/wp\/v2\/posts"}],"about":[{"href":"https:\/\/www.correiodascidades.com.br\/v1\/wp-json\/wp\/v2\/types\/post"}],"author":[{"embeddable":true,"href":"https:\/\/www.correiodascidades.com.br\/v1\/wp-json\/wp\/v2\/users\/3"}],"replies":[{"embeddable":true,"href":"https:\/\/www.correiodascidades.com.br\/v1\/wp-json\/wp\/v2\/comments?post=14671"}],"version-history":[{"count":1,"href":"https:\/\/www.correiodascidades.com.br\/v1\/wp-json\/wp\/v2\/posts\/14671\/revisions"}],"predecessor-version":[{"id":14674,"href":"https:\/\/www.correiodascidades.com.br\/v1\/wp-json\/wp\/v2\/posts\/14671\/revisions\/14674"}],"wp:featuredmedia":[{"embeddable":true,"href":"https:\/\/www.correiodascidades.com.br\/v1\/wp-json\/wp\/v2\/media\/14673"}],"wp:attachment":[{"href":"https:\/\/www.correiodascidades.com.br\/v1\/wp-json\/wp\/v2\/media?parent=14671"}],"wp:term":[{"taxonomy":"category","embeddable":true,"href":"https:\/\/www.correiodascidades.com.br\/v1\/wp-json\/wp\/v2\/categories?post=14671"},{"taxonomy":"post_tag","embeddable":true,"href":"https:\/\/www.correiodascidades.com.br\/v1\/wp-json\/wp\/v2\/tags?post=14671"}],"curies":[{"name":"wp","href":"https:\/\/api.w.org\/{rel}","templated":true}]}}