{"id":14696,"date":"2025-02-22T07:39:44","date_gmt":"2025-02-22T10:39:44","guid":{"rendered":"https:\/\/www.correiodascidades.com.br\/v1\/?p=14696"},"modified":"2025-02-22T07:39:44","modified_gmt":"2025-02-22T10:39:44","slug":"policia-civil-monta-plano-de-acao-para-o-pre-carnaval-2025","status":"publish","type":"post","link":"https:\/\/www.correiodascidades.com.br\/v1\/2025\/02\/22\/policia-civil-monta-plano-de-acao-para-o-pre-carnaval-2025\/","title":{"rendered":"Pol\u00edcia Civil monta plano de a\u00e7\u00e3o para o Pr\u00e9-Carnaval 2025"},"content":{"rendered":"<p><img src=\"https:\/\/www.correiodascidades.com.br\/v1\/wp-content\/uploads\/2025\/02\/WhatsApp-Image-2025-02-20-at-12.41.22.jpeg-1.jpg\" \/><\/p>\n<p>O tradicional Pr\u00e9-Carnaval de Salvador, que acontecer\u00e1 entre os dias 22 e 26 de fevereiro de 2025, contar\u00e1 com o refor\u00e7o da Pol\u00edcia Civil da Bahia, que intensificar\u00e1 suas a\u00e7\u00f5es para garantir a seguran\u00e7a de turistas e moradores da cidade. O evento, que antecede a maior festa de rua do planeta, exige uma atua\u00e7\u00e3o coordenada e de alto n\u00edvel das for\u00e7as de seguran\u00e7a para assegurar que todos possam curtir a folia com tranquilidade.<\/p>\n<p>A Pol\u00edcia Civil adotar\u00e1 um plano de a\u00e7\u00e3o que envolve o refor\u00e7o do efetivo nas delegacias de \u00e1reas de grande concentra\u00e7\u00e3o de p\u00fablico, como a 14\u00aa Delegacia Territorial da Barra e a 7\u00aa Delegacia Territorial do Rio Vermelho, que ter\u00e3o equipes adicionais durante os cinco dias de evento.<\/p>\n<p>As equipes da Delegacia para o Adolescente Infrator (DAI) e da Delegacia Especializada de Repress\u00e3o aos Crimes Contra a Crian\u00e7a e o Adolescente (DERCCA) permanecer\u00e3o em plant\u00e3o durante o evento para atender ocorr\u00eancias relacionadas a esses p\u00fablicos.<\/p>\n<p>Os policiais escalados para o Pr\u00e9-Carnaval de 2025 estar\u00e3o com o sistema que permitir\u00e1 a transmiss\u00e3o em tempo real de informa\u00e7\u00f5es sobre ocorr\u00eancias, incluindo geolocaliza\u00e7\u00e3o, possibilitando que as equipes de seguran\u00e7a se desloquem rapidamente aos locais indicados e realizem a abordagem de forma eficiente e coordenada.<!--more--><\/p>\n<p>Equipes especializadas, como o Departamento de Repress\u00e3o e Combate \u00e0 Corrup\u00e7\u00e3o, ao Crime Organizado e \u00e0 Lavagem de Dinheiro (Draco), Departamento Especializado de Investiga\u00e7\u00e3o e Repress\u00e3o ao Narcotr\u00e1fico (Denarc) e Departamento Especializado de Investiga\u00e7\u00f5es Criminais (DEIC), tamb\u00e9m estar\u00e3o de prontid\u00e3o para combater crimes como o tr\u00e1fico de drogas e furtos. Para garantir que essas opera\u00e7\u00f5es sejam bem-sucedidas, policiais civis atuar\u00e3o de forma ostensiva, com foco na preven\u00e7\u00e3o e no combate ao crime, al\u00e9m de monitorar as ocorr\u00eancias em tempo real, sempre com o suporte da tecnologia e de ferramentas de intelig\u00eancia.<\/p>\n<p>No total, ser\u00e3o disponibilizados 400 postos de trabalho para os policiais civis durante o Pr\u00e9-Carnaval de 2025. A Pol\u00edcia Civil da Bahia se prepara para atuar de maneira estrat\u00e9gica, garantindo que a festa seja segura para todos os foli\u00f5es. Com um planejamento integrado, uso de tecnologia de ponta e atua\u00e7\u00e3o constante no campo, a Pol\u00edcia Civil reafirma seu compromisso com a seguran\u00e7a e a tranquilidade da popula\u00e7\u00e3o durante a maior festa popular do mundo.<\/p>\n","protected":false},"excerpt":{"rendered":"<p>O tradicional Pr\u00e9-Carnaval de Salvador, que acontecer\u00e1 entre os dias 22 e 26 de fevereiro de 2025, contar\u00e1 com o refor\u00e7o da Pol\u00edcia Civil da Bahia, que intensificar\u00e1 suas a\u00e7\u00f5es para garantir a seguran\u00e7a de turistas e moradores da cidade. O evento, que antecede a maior festa de rua do planeta, exige uma atua\u00e7\u00e3o coordenada [&hellip;]<\/p>\n","protected":false},"author":3,"featured_media":14664,"comment_status":"closed","ping_status":"closed","sticky":false,"template":"","format":"standard","meta":{"_links_to":"","_links_to_target":""},"categories":[1],"tags":[],"_links":{"self":[{"href":"https:\/\/www.correiodascidades.com.br\/v1\/wp-json\/wp\/v2\/posts\/14696"}],"collection":[{"href":"https:\/\/www.correiodascidades.com.br\/v1\/wp-json\/wp\/v2\/posts"}],"about":[{"href":"https:\/\/www.correiodascidades.com.br\/v1\/wp-json\/wp\/v2\/types\/post"}],"author":[{"embeddable":true,"href":"https:\/\/www.correiodascidades.com.br\/v1\/wp-json\/wp\/v2\/users\/3"}],"replies":[{"embeddable":true,"href":"https:\/\/www.correiodascidades.com.br\/v1\/wp-json\/wp\/v2\/comments?post=14696"}],"version-history":[{"count":1,"href":"https:\/\/www.correiodascidades.com.br\/v1\/wp-json\/wp\/v2\/posts\/14696\/revisions"}],"predecessor-version":[{"id":14697,"href":"https:\/\/www.correiodascidades.com.br\/v1\/wp-json\/wp\/v2\/posts\/14696\/revisions\/14697"}],"wp:featuredmedia":[{"embeddable":true,"href":"https:\/\/www.correiodascidades.com.br\/v1\/wp-json\/wp\/v2\/media\/14664"}],"wp:attachment":[{"href":"https:\/\/www.correiodascidades.com.br\/v1\/wp-json\/wp\/v2\/media?parent=14696"}],"wp:term":[{"taxonomy":"category","embeddable":true,"href":"https:\/\/www.correiodascidades.com.br\/v1\/wp-json\/wp\/v2\/categories?post=14696"},{"taxonomy":"post_tag","embeddable":true,"href":"https:\/\/www.correiodascidades.com.br\/v1\/wp-json\/wp\/v2\/tags?post=14696"}],"curies":[{"name":"wp","href":"https:\/\/api.w.org\/{rel}","templated":true}]}}