{"id":14698,"date":"2025-02-22T07:55:48","date_gmt":"2025-02-22T10:55:48","guid":{"rendered":"https:\/\/www.correiodascidades.com.br\/v1\/?p=14698"},"modified":"2025-02-22T07:56:32","modified_gmt":"2025-02-22T10:56:32","slug":"delegada-condenada-por-esquema-de-clonagem-de-veiculos-e-demitida-da-policia-civil-da-bahia","status":"publish","type":"post","link":"https:\/\/www.correiodascidades.com.br\/v1\/2025\/02\/22\/delegada-condenada-por-esquema-de-clonagem-de-veiculos-e-demitida-da-policia-civil-da-bahia\/","title":{"rendered":"Delegada condenada por esquema de clonagem de ve\u00edculos \u00e9 demitida da Pol\u00edcia Civil da Bahia"},"content":{"rendered":"<p><img src=\"https:\/\/www.correiodascidades.com.br\/v1\/wp-content\/uploads\/2025\/02\/DELEGADA-DEMITIDA-DA-POLICIA-CIVIL-1.jpg\" \/><\/p>\n<p>Maria Selma foi condenada h\u00e1 oito anos de reclus\u00e3o\u00a0 pelos crimes de falsifica\u00e7\u00e3o de documentos, falsidade ideol\u00f3gica, uso de documentos falsos, denuncia\u00e7\u00e3o caluniosa, usurpa\u00e7\u00e3o de fun\u00e7\u00e3o p\u00fablica e fraude processual. O Minist\u00e9rio P\u00fablico apontou que ela utilizava sua posi\u00e7\u00e3o para garantir a impunidade do grupo criminoso. Outros envolvidos no esquema tamb\u00e9m foram condenados, incluindo Pedro Ivan Matos Damasceno, sentenciado a 15 anos de pris\u00e3o. <!--more--><\/p>\n<p>A delegada foi expulsa da Pol\u00edcia, e o ato\u00a0 est\u00e1 publicada no Di\u00e1rio Oficial, seguindo o que pede a Procuradoria Geral do Estado\u00a0 pelo fato da mesma ter tido participa\u00e7\u00e3o\u00a0 num esquema de roubo e clonagem de ve\u00edculos, al\u00e9m de furto, entre outras condena\u00e7\u00f5es que o fizeram perder o cargo.<\/p>\n<p>Selma disse que a condena\u00e7\u00e3o \u00e9 um ato extremamente equivocado e que ela iria recorrer da decis\u00e3o.\u00a0 Correio<\/p>\n<p>&nbsp;<\/p>\n","protected":false},"excerpt":{"rendered":"<p>Maria Selma foi condenada h\u00e1 oito anos de reclus\u00e3o\u00a0 pelos crimes de falsifica\u00e7\u00e3o de documentos, falsidade ideol\u00f3gica, uso de documentos falsos, denuncia\u00e7\u00e3o caluniosa, usurpa\u00e7\u00e3o de fun\u00e7\u00e3o p\u00fablica e fraude processual. O Minist\u00e9rio P\u00fablico apontou que ela utilizava sua posi\u00e7\u00e3o para garantir a impunidade do grupo criminoso. Outros envolvidos no esquema tamb\u00e9m foram condenados, incluindo Pedro [&hellip;]<\/p>\n","protected":false},"author":3,"featured_media":14699,"comment_status":"closed","ping_status":"closed","sticky":false,"template":"","format":"standard","meta":{"_links_to":"","_links_to_target":""},"categories":[1],"tags":[],"_links":{"self":[{"href":"https:\/\/www.correiodascidades.com.br\/v1\/wp-json\/wp\/v2\/posts\/14698"}],"collection":[{"href":"https:\/\/www.correiodascidades.com.br\/v1\/wp-json\/wp\/v2\/posts"}],"about":[{"href":"https:\/\/www.correiodascidades.com.br\/v1\/wp-json\/wp\/v2\/types\/post"}],"author":[{"embeddable":true,"href":"https:\/\/www.correiodascidades.com.br\/v1\/wp-json\/wp\/v2\/users\/3"}],"replies":[{"embeddable":true,"href":"https:\/\/www.correiodascidades.com.br\/v1\/wp-json\/wp\/v2\/comments?post=14698"}],"version-history":[{"count":3,"href":"https:\/\/www.correiodascidades.com.br\/v1\/wp-json\/wp\/v2\/posts\/14698\/revisions"}],"predecessor-version":[{"id":14702,"href":"https:\/\/www.correiodascidades.com.br\/v1\/wp-json\/wp\/v2\/posts\/14698\/revisions\/14702"}],"wp:featuredmedia":[{"embeddable":true,"href":"https:\/\/www.correiodascidades.com.br\/v1\/wp-json\/wp\/v2\/media\/14699"}],"wp:attachment":[{"href":"https:\/\/www.correiodascidades.com.br\/v1\/wp-json\/wp\/v2\/media?parent=14698"}],"wp:term":[{"taxonomy":"category","embeddable":true,"href":"https:\/\/www.correiodascidades.com.br\/v1\/wp-json\/wp\/v2\/categories?post=14698"},{"taxonomy":"post_tag","embeddable":true,"href":"https:\/\/www.correiodascidades.com.br\/v1\/wp-json\/wp\/v2\/tags?post=14698"}],"curies":[{"name":"wp","href":"https:\/\/api.w.org\/{rel}","templated":true}]}}