{"id":1470,"date":"2022-11-13T19:39:45","date_gmt":"2022-11-13T22:39:45","guid":{"rendered":"https:\/\/www.correiodascidades.com.br\/v1\/?p=1470"},"modified":"2022-11-13T19:39:45","modified_gmt":"2022-11-13T22:39:45","slug":"ilheus-morre-a-bebe-que-estava-internada-no-hospital-vida-memorial-precisando-ser-regulada-para-uma-uti","status":"publish","type":"post","link":"https:\/\/www.correiodascidades.com.br\/v1\/2022\/11\/13\/ilheus-morre-a-bebe-que-estava-internada-no-hospital-vida-memorial-precisando-ser-regulada-para-uma-uti\/","title":{"rendered":"ILH\u00c9US: Morre a beb\u00ea que estava  internada no Hospital Vida memorial precisando ser regulada  para uma UTI."},"content":{"rendered":"<p><img loading=\"lazy\" class=\"alignnone size-full wp-image-1471\" src=\"https:\/\/www.correiodascidades.com.br\/v1\/wp-content\/uploads\/2022\/11\/crianca-e1668237487820-1.jpg\" alt=\"\" width=\"600\" height=\"846\" srcset=\"https:\/\/www.correiodascidades.com.br\/v1\/wp-content\/uploads\/2022\/11\/crianca-e1668237487820-1.jpg 600w, https:\/\/www.correiodascidades.com.br\/v1\/wp-content\/uploads\/2022\/11\/crianca-e1668237487820-1-213x300.jpg 213w, https:\/\/www.correiodascidades.com.br\/v1\/wp-content\/uploads\/2022\/11\/crianca-e1668237487820-1-567x800.jpg 567w\" sizes=\"(max-width: 600px) 100vw, 600px\" \/><\/p>\n<p>A crian\u00e7a morreu na tarde deste domingo (13), mesmo tendo conseguido a vaga. A transfer\u00eancia para o internamento na capital do estado mais uma vez chegou tarde e mais uma vida se vai, fruto da falta de a\u00e7\u00e3o da justi\u00e7a que n\u00e3o imp\u00f5e respeito nem culpa os verdadeiros assassinos e culpados por mais um crime que acontece. A sa\u00fade na Bahia, \u00e9 isso ai, todos os dias morre algu\u00e9m e as autoridades n\u00e3o enxergam n\u00e3o fiscaliza estes tipos de fatos nem investiga e mais um se vai.<!--more--><\/p>\n<p>Relembre aqui a mat\u00e9ria.<\/p>\n<p>Mais uma crian\u00e7a em estado grave est\u00e1 aguardando na fila da regula\u00e7\u00e3o. Trata-se de Maria Alice Sena Lima, de sete meses de vida, que est\u00e1 internada no Hospital Vida Memorial. De acordo com informa\u00e7\u00f5es da m\u00e3e Franciele Sena Felipe a filha dela tem infec\u00e7\u00e3o nos pulm\u00f5es e precisa ser transferida para uma UTI Pedi\u00e1trica. Esta \u00e9 mais uma de tantas outras que sofre na cidade pela falta de aparelhamento nos hospitais. Situa\u00e7\u00f5es como estas s\u00e3o tidas como normais por parte de que faz gest\u00e3o de sa\u00fade de alguma forma. O mais grave ainda \u00e9 perceber que o sil\u00eancio do Minist\u00e9rio P\u00fablico nestas a\u00e7\u00f5es \u00e9 a permission\u00e1ria destes tipos de acontecimentos.<\/p>\n<p>Minist\u00e9rio p\u00fablico silencioso, justi\u00e7a muda, e o povo morrendo.<\/p>\n<p>Este veiculo de m\u00eddia eletr\u00f4nica foi procurado para ventilar esta noticia em busca de a\u00e7\u00f5es r\u00e1pidas que possa ajudar a resolver o problema.<\/p>\n<p>&nbsp;<\/p>\n","protected":false},"excerpt":{"rendered":"<p>A crian\u00e7a morreu na tarde deste domingo (13), mesmo tendo conseguido a vaga. A transfer\u00eancia para o internamento na capital do estado mais uma vez chegou tarde e mais uma vida se vai, fruto da falta de a\u00e7\u00e3o da justi\u00e7a que n\u00e3o imp\u00f5e respeito nem culpa os verdadeiros assassinos e culpados por mais um crime [&hellip;]<\/p>\n","protected":false},"author":3,"featured_media":1473,"comment_status":"closed","ping_status":"closed","sticky":false,"template":"","format":"standard","meta":{"_links_to":"","_links_to_target":""},"categories":[41],"tags":[],"_links":{"self":[{"href":"https:\/\/www.correiodascidades.com.br\/v1\/wp-json\/wp\/v2\/posts\/1470"}],"collection":[{"href":"https:\/\/www.correiodascidades.com.br\/v1\/wp-json\/wp\/v2\/posts"}],"about":[{"href":"https:\/\/www.correiodascidades.com.br\/v1\/wp-json\/wp\/v2\/types\/post"}],"author":[{"embeddable":true,"href":"https:\/\/www.correiodascidades.com.br\/v1\/wp-json\/wp\/v2\/users\/3"}],"replies":[{"embeddable":true,"href":"https:\/\/www.correiodascidades.com.br\/v1\/wp-json\/wp\/v2\/comments?post=1470"}],"version-history":[{"count":1,"href":"https:\/\/www.correiodascidades.com.br\/v1\/wp-json\/wp\/v2\/posts\/1470\/revisions"}],"predecessor-version":[{"id":1474,"href":"https:\/\/www.correiodascidades.com.br\/v1\/wp-json\/wp\/v2\/posts\/1470\/revisions\/1474"}],"wp:featuredmedia":[{"embeddable":true,"href":"https:\/\/www.correiodascidades.com.br\/v1\/wp-json\/wp\/v2\/media\/1473"}],"wp:attachment":[{"href":"https:\/\/www.correiodascidades.com.br\/v1\/wp-json\/wp\/v2\/media?parent=1470"}],"wp:term":[{"taxonomy":"category","embeddable":true,"href":"https:\/\/www.correiodascidades.com.br\/v1\/wp-json\/wp\/v2\/categories?post=1470"},{"taxonomy":"post_tag","embeddable":true,"href":"https:\/\/www.correiodascidades.com.br\/v1\/wp-json\/wp\/v2\/tags?post=1470"}],"curies":[{"name":"wp","href":"https:\/\/api.w.org\/{rel}","templated":true}]}}