{"id":14705,"date":"2025-02-22T15:29:11","date_gmt":"2025-02-22T18:29:11","guid":{"rendered":"https:\/\/www.correiodascidades.com.br\/v1\/?p=14705"},"modified":"2025-02-22T15:29:11","modified_gmt":"2025-02-22T18:29:11","slug":"execucao-de-casal-dentro-de-casa-em-periperi-tinha-gerente-do-bonde-do-maluco-como-alvo","status":"publish","type":"post","link":"https:\/\/www.correiodascidades.com.br\/v1\/2025\/02\/22\/execucao-de-casal-dentro-de-casa-em-periperi-tinha-gerente-do-bonde-do-maluco-como-alvo\/","title":{"rendered":"Execu\u00e7\u00e3o de casal dentro de casa em Periperi tinha gerente do Bonde do Maluco como alvo"},"content":{"rendered":"<p><img src=\"https:\/\/www.correiodascidades.com.br\/v1\/wp-content\/uploads\/2025\/02\/ft2.jpg\" \/><\/p>\n<p>O ataque que deixou um casal morto dentro da pr\u00f3pria casa, na Rua da Jaqueira, em Periperi, tinha um alvo espec\u00edfico: J\u00falio C\u00e9sar Dias dos Santos, 23 anos. Beatriz Santos Silva, 30, que estava no im\u00f3vel com ele na madrugada da sexta-feira (22), acabou sendo um \u2018efeito colateral\u2019 dos tiros deflagrados. Isso porque, de acordo com informa\u00e7\u00f5es de um policial da \u00e1rea, J\u00falio era gerente de uma boca de fumo da fac\u00e7\u00e3o do Bonde do Maluco (BDM) no local.<\/p>\n<p>Entretanto, a autoria do crime seria do pr\u00f3prio grupo criminoso. \u201cA suspeita que temos \u00e9 que foi um acerto de contas entre eles mesmo porque aquela \u00e1rea ali, apesar de ter atua\u00e7\u00e3o do tr\u00e1fico, estava h\u00e1 um bom tempo no seco [sem ocorr\u00eancias]\u201d, relata o PM, que prefere n\u00e3o se identificar. Ainda n\u00e3o se sabe, no entanto, o que motivou a a\u00e7\u00e3o.<\/p>\n<div class=\"flex flex-col p-2 px-0 w-full font-normal text-[18px] leading-[30px] text-tw-theme-text-default\">\n<p id=\"paragrafo-r3a49fttz9\">\u201cComo \u00e9 a recomenda\u00e7\u00e3o quando tem esse tipo de ocorr\u00eancia, a gente intensifica o policiamento na regi\u00e3o e fizemos isso ontem. A gente estava atr\u00e1s de Tom, o do dono da boca, j\u00e1 que esse que morreu (J\u00falio) era s\u00f3 o gerente. No entanto, Tom est\u00e1 sumido e n\u00e3o encontramos na \u00e1rea\u201d, completa o PM.<\/p>\n<\/div>\n<div class=\"flex flex-col p-2 px-0 w-full font-normal text-[18px] leading-[30px] text-tw-theme-text-default\">\n<p id=\"paragrafo-3yed4fsrz8\">Os corpos das v\u00edtimas da execu\u00e7\u00e3o foram retirados e passaram por per\u00edcia do Departamento de Pol\u00edcia T\u00e9cnica (DPT). O caso ser\u00e1 investigado pelo Departamento de Homic\u00eddios e Prote\u00e7\u00e3o \u00e0 Pessoa (DHPP), da Pol\u00edcia Civil.<\/p>\n<\/div>\n","protected":false},"excerpt":{"rendered":"<p>O ataque que deixou um casal morto dentro da pr\u00f3pria casa, na Rua da Jaqueira, em Periperi, tinha um alvo espec\u00edfico: J\u00falio C\u00e9sar Dias dos Santos, 23 anos. Beatriz Santos Silva, 30, que estava no im\u00f3vel com ele na madrugada da sexta-feira (22), acabou sendo um \u2018efeito colateral\u2019 dos tiros deflagrados. Isso porque, de acordo [&hellip;]<\/p>\n","protected":false},"author":3,"featured_media":14706,"comment_status":"closed","ping_status":"closed","sticky":false,"template":"","format":"standard","meta":{"_links_to":"","_links_to_target":""},"categories":[1],"tags":[],"_links":{"self":[{"href":"https:\/\/www.correiodascidades.com.br\/v1\/wp-json\/wp\/v2\/posts\/14705"}],"collection":[{"href":"https:\/\/www.correiodascidades.com.br\/v1\/wp-json\/wp\/v2\/posts"}],"about":[{"href":"https:\/\/www.correiodascidades.com.br\/v1\/wp-json\/wp\/v2\/types\/post"}],"author":[{"embeddable":true,"href":"https:\/\/www.correiodascidades.com.br\/v1\/wp-json\/wp\/v2\/users\/3"}],"replies":[{"embeddable":true,"href":"https:\/\/www.correiodascidades.com.br\/v1\/wp-json\/wp\/v2\/comments?post=14705"}],"version-history":[{"count":1,"href":"https:\/\/www.correiodascidades.com.br\/v1\/wp-json\/wp\/v2\/posts\/14705\/revisions"}],"predecessor-version":[{"id":14707,"href":"https:\/\/www.correiodascidades.com.br\/v1\/wp-json\/wp\/v2\/posts\/14705\/revisions\/14707"}],"wp:featuredmedia":[{"embeddable":true,"href":"https:\/\/www.correiodascidades.com.br\/v1\/wp-json\/wp\/v2\/media\/14706"}],"wp:attachment":[{"href":"https:\/\/www.correiodascidades.com.br\/v1\/wp-json\/wp\/v2\/media?parent=14705"}],"wp:term":[{"taxonomy":"category","embeddable":true,"href":"https:\/\/www.correiodascidades.com.br\/v1\/wp-json\/wp\/v2\/categories?post=14705"},{"taxonomy":"post_tag","embeddable":true,"href":"https:\/\/www.correiodascidades.com.br\/v1\/wp-json\/wp\/v2\/tags?post=14705"}],"curies":[{"name":"wp","href":"https:\/\/api.w.org\/{rel}","templated":true}]}}