{"id":14708,"date":"2025-02-22T17:07:24","date_gmt":"2025-02-22T20:07:24","guid":{"rendered":"https:\/\/www.correiodascidades.com.br\/v1\/?p=14708"},"modified":"2025-02-22T17:07:24","modified_gmt":"2025-02-22T20:07:24","slug":"papa-francisco-tem-crise-de-asma-prolongada-e-passa-por-transfusao-de-sangue-condicao-e-critica","status":"publish","type":"post","link":"https:\/\/www.correiodascidades.com.br\/v1\/2025\/02\/22\/papa-francisco-tem-crise-de-asma-prolongada-e-passa-por-transfusao-de-sangue-condicao-e-critica\/","title":{"rendered":"Papa Francisco tem crise de asma prolongada e passa por transfus\u00e3o de sangue; condi\u00e7\u00e3o \u00e9 cr\u00edtica"},"content":{"rendered":"<p><img loading=\"lazy\" class=\"\" src=\"https:\/\/www.correiodascidades.com.br\/v1\/wp-content\/uploads\/2025\/02\/download-11.jpeg\" width=\"506\" height=\"337\" \/><\/p>\n<p>O\u00a0Papa Francisco\u00a0teve uma crise respirat\u00f3ria asm\u00e1tica prolongada,\u00a0precisou fazer transfus\u00e3o de sangue e receber oxig\u00eanio em altas taxas na manh\u00e3 deste s\u00e1bado (22). O novo boletim m\u00e9dico divulgado pelo Vaticano tamb\u00e9m afirma que o pont\u00edfice de 88 anos\u00a0est\u00e1 pior do que na \u00faltima sexta-feira (21),\u00a0tem condi\u00e7\u00e3o cr\u00edtica\u00a0de sa\u00fade e &#8220;n\u00e3o est\u00e1 fora de perigo&#8221;.<\/p>\n<div class=\"flex flex-col p-2 px-0 w-full font-normal text-[18px] leading-[30px] text-tw-theme-text-default\">\n<p id=\"paragrafo-xjr9paalpk\"><a class=\"link\" href=\"https:\/\/chat.whatsapp.com\/Chvbeuj5p7mCyTiS4eLOSL\" target=\"_blank\" rel=\"noopener\">\u00c9 de gra\u00e7a: Acompanhe as not\u00edcias no grupo do WhatsApp exclusivo do CORREIO<\/a><\/p>\n<\/div>\n<p><!--more--><\/p>\n<p id=\"paragrafo-lwd48engc1\">&#8220;As condi\u00e7\u00f5es do Santo Padre continuam cr\u00edticas, portanto, como explicado ontem, o papa n\u00e3o est\u00e1 fora de perigo. Esta manh\u00e3, o Papa Francisco apresentou uma crise respirat\u00f3ria asm\u00e1tica de longa dura\u00e7\u00e3o, que exigiu uma terapia de alto fluxo de oxig\u00eanio&#8221;, diz o novo boletim, emitido na tarde deste s\u00e1bado (22).<\/p>\n<p>De acordo com o comunicado, exames de sangue realizados mostraram uma plaquetopenia &#8211;\u00a0diminui\u00e7\u00e3o do n\u00famero de plaquetas no sangue &#8211; associada a uma anemia.\u00a0Por isso, foi necess\u00e1ria a administra\u00e7\u00e3o de transfus\u00e3o de sangue.\u00a0A plaquetopenia pode surgir em decorr\u00eancia de diversas situa\u00e7\u00f5es cl\u00ednicas, incluindo doen\u00e7as do sistema imunol\u00f3gico, infec\u00e7\u00f5es, defici\u00eancias vitam\u00ednicas e doen\u00e7as heredit\u00e1rias.<\/p>\n","protected":false},"excerpt":{"rendered":"<p>O\u00a0Papa Francisco\u00a0teve uma crise respirat\u00f3ria asm\u00e1tica prolongada,\u00a0precisou fazer transfus\u00e3o de sangue e receber oxig\u00eanio em altas taxas na manh\u00e3 deste s\u00e1bado (22). O novo boletim m\u00e9dico divulgado pelo Vaticano tamb\u00e9m afirma que o pont\u00edfice de 88 anos\u00a0est\u00e1 pior do que na \u00faltima sexta-feira (21),\u00a0tem condi\u00e7\u00e3o cr\u00edtica\u00a0de sa\u00fade e &#8220;n\u00e3o est\u00e1 fora de perigo&#8221;. \u00c9 de [&hellip;]<\/p>\n","protected":false},"author":3,"featured_media":14709,"comment_status":"closed","ping_status":"closed","sticky":false,"template":"","format":"standard","meta":{"_links_to":"","_links_to_target":""},"categories":[1],"tags":[],"_links":{"self":[{"href":"https:\/\/www.correiodascidades.com.br\/v1\/wp-json\/wp\/v2\/posts\/14708"}],"collection":[{"href":"https:\/\/www.correiodascidades.com.br\/v1\/wp-json\/wp\/v2\/posts"}],"about":[{"href":"https:\/\/www.correiodascidades.com.br\/v1\/wp-json\/wp\/v2\/types\/post"}],"author":[{"embeddable":true,"href":"https:\/\/www.correiodascidades.com.br\/v1\/wp-json\/wp\/v2\/users\/3"}],"replies":[{"embeddable":true,"href":"https:\/\/www.correiodascidades.com.br\/v1\/wp-json\/wp\/v2\/comments?post=14708"}],"version-history":[{"count":1,"href":"https:\/\/www.correiodascidades.com.br\/v1\/wp-json\/wp\/v2\/posts\/14708\/revisions"}],"predecessor-version":[{"id":14710,"href":"https:\/\/www.correiodascidades.com.br\/v1\/wp-json\/wp\/v2\/posts\/14708\/revisions\/14710"}],"wp:featuredmedia":[{"embeddable":true,"href":"https:\/\/www.correiodascidades.com.br\/v1\/wp-json\/wp\/v2\/media\/14709"}],"wp:attachment":[{"href":"https:\/\/www.correiodascidades.com.br\/v1\/wp-json\/wp\/v2\/media?parent=14708"}],"wp:term":[{"taxonomy":"category","embeddable":true,"href":"https:\/\/www.correiodascidades.com.br\/v1\/wp-json\/wp\/v2\/categories?post=14708"},{"taxonomy":"post_tag","embeddable":true,"href":"https:\/\/www.correiodascidades.com.br\/v1\/wp-json\/wp\/v2\/tags?post=14708"}],"curies":[{"name":"wp","href":"https:\/\/api.w.org\/{rel}","templated":true}]}}