{"id":14719,"date":"2025-02-23T08:19:11","date_gmt":"2025-02-23T11:19:11","guid":{"rendered":"https:\/\/www.correiodascidades.com.br\/v1\/?p=14719"},"modified":"2025-02-23T08:19:11","modified_gmt":"2025-02-23T11:19:11","slug":"durante-prisao-de-traficante-policia-apreende-ar-condicionado-da-camara-de-vereadores","status":"publish","type":"post","link":"https:\/\/www.correiodascidades.com.br\/v1\/2025\/02\/23\/durante-prisao-de-traficante-policia-apreende-ar-condicionado-da-camara-de-vereadores\/","title":{"rendered":"Durante pris\u00e3o de traficante pol\u00edcia apreende ar condicionado da C\u00e3mara de Vereadores"},"content":{"rendered":"<p><img loading=\"lazy\" class=\"\" src=\"https:\/\/www.correiodascidades.com.br\/v1\/wp-content\/uploads\/2025\/02\/Ainda-de-acordo-com-a-policia_-durante-o-cumprimento-de-tres-mandados-de.jpg\" width=\"520\" height=\"337\" \/><\/p>\n<p>Um ar condicionado tombado da C\u00e2mara Municipal de Vereadores de Feira de Santana foi encontrado com um dos l\u00edderes do tr\u00e1fico de drogas na regi\u00e3o do Vietn\u00e3, em Feira de Santana, durante uma opera\u00e7\u00e3o conjunta entre as equipes do Departamento de Narc\u00f3tico (DENARC) de Salvador e a Delegacia de T\u00f3xicos Entorpecentes (DTE) de Feira de Santana, na manh\u00e3 desta sexta-feira (21).<\/p>\n<p>Segundo informa\u00e7\u00f5es da pol\u00edcia, durante o cumprimento dos mandados a pol\u00edcia tamb\u00e9m encontrou, na mesma ch\u00e1cara onde encontrou o ar condicionado, localizada na divisa entre Feira de Santana e S\u00e3o Gon\u00e7alo dos Campos, uma motocicleta com restri\u00e7\u00e3o de roubo<\/p>\n<p>Ainda de acordo com a pol\u00edcia, durante o cumprimento de tr\u00eas mandados de busca e apreens\u00e3o, al\u00e9m da apreens\u00e3o do ar condicionado, tamb\u00e9m foram apreendidas por\u00e7\u00f5es de coca\u00edna, maconha e crack, uma pistola calibre 9mm e uma espingarda artesanal.<!--more--><\/p>\n<p>O delegado David Lopes, titular da DTE, informou que o traficante Decinho j\u00e1 vinha sendo investigado h\u00e1 muito tempo, onde \u00e9 apontado como um dos respons\u00e1veis por v\u00e1rios homic\u00eddios ocorridos na regi\u00e3o do Vietn\u00e3. Na delegacia, o traficante confessou para o delegado que teria recebido o ar-condicionado como forma de pagamento pela venda de entorpecentes.<\/p>\n","protected":false},"excerpt":{"rendered":"<p>Um ar condicionado tombado da C\u00e2mara Municipal de Vereadores de Feira de Santana foi encontrado com um dos l\u00edderes do tr\u00e1fico de drogas na regi\u00e3o do Vietn\u00e3, em Feira de Santana, durante uma opera\u00e7\u00e3o conjunta entre as equipes do Departamento de Narc\u00f3tico (DENARC) de Salvador e a Delegacia de T\u00f3xicos Entorpecentes (DTE) de Feira de [&hellip;]<\/p>\n","protected":false},"author":3,"featured_media":14720,"comment_status":"closed","ping_status":"closed","sticky":false,"template":"","format":"standard","meta":{"_links_to":"","_links_to_target":""},"categories":[1],"tags":[],"_links":{"self":[{"href":"https:\/\/www.correiodascidades.com.br\/v1\/wp-json\/wp\/v2\/posts\/14719"}],"collection":[{"href":"https:\/\/www.correiodascidades.com.br\/v1\/wp-json\/wp\/v2\/posts"}],"about":[{"href":"https:\/\/www.correiodascidades.com.br\/v1\/wp-json\/wp\/v2\/types\/post"}],"author":[{"embeddable":true,"href":"https:\/\/www.correiodascidades.com.br\/v1\/wp-json\/wp\/v2\/users\/3"}],"replies":[{"embeddable":true,"href":"https:\/\/www.correiodascidades.com.br\/v1\/wp-json\/wp\/v2\/comments?post=14719"}],"version-history":[{"count":1,"href":"https:\/\/www.correiodascidades.com.br\/v1\/wp-json\/wp\/v2\/posts\/14719\/revisions"}],"predecessor-version":[{"id":14721,"href":"https:\/\/www.correiodascidades.com.br\/v1\/wp-json\/wp\/v2\/posts\/14719\/revisions\/14721"}],"wp:featuredmedia":[{"embeddable":true,"href":"https:\/\/www.correiodascidades.com.br\/v1\/wp-json\/wp\/v2\/media\/14720"}],"wp:attachment":[{"href":"https:\/\/www.correiodascidades.com.br\/v1\/wp-json\/wp\/v2\/media?parent=14719"}],"wp:term":[{"taxonomy":"category","embeddable":true,"href":"https:\/\/www.correiodascidades.com.br\/v1\/wp-json\/wp\/v2\/categories?post=14719"},{"taxonomy":"post_tag","embeddable":true,"href":"https:\/\/www.correiodascidades.com.br\/v1\/wp-json\/wp\/v2\/tags?post=14719"}],"curies":[{"name":"wp","href":"https:\/\/api.w.org\/{rel}","templated":true}]}}