{"id":14723,"date":"2025-02-24T07:30:48","date_gmt":"2025-02-24T10:30:48","guid":{"rendered":"https:\/\/www.correiodascidades.com.br\/v1\/?p=14723"},"modified":"2025-02-24T08:11:50","modified_gmt":"2025-02-24T11:11:50","slug":"ilheus-morreu-quinto-de-souza-o-icone-da-comunicacao","status":"publish","type":"post","link":"https:\/\/www.correiodascidades.com.br\/v1\/2025\/02\/24\/ilheus-morreu-quinto-de-souza-o-icone-da-comunicacao\/","title":{"rendered":"ILH\u00c9US: Morreu Quinto de Souza o \u00edcone da comunica\u00e7\u00e3o"},"content":{"rendered":"<p><img loading=\"lazy\" class=\"alignnone wp-image-14729\" src=\"https:\/\/www.correiodascidades.com.br\/v1\/wp-content\/uploads\/2025\/02\/69118715_2287191424712090_5507703452928573440_n-1.jpg\" alt=\"\" width=\"368\" height=\"368\" \/><\/p>\n<p>Morreu na madrugada deste domingo (24), Laudelino Quinto de Souza, Quinto como era conhecido, foi radialista durante muito tempo de sua vida. Pai de cinco filhos, ele sempre dedicou seu tempo ao radio, foi fiel e dedicado a comunica\u00e7\u00e3o. Quinto passou mal a noite e com fortes dores no peito n\u00e3o resistiu a um infarto vascular cerebral vivo a \u00f3bito.<\/p>\n<p><img loading=\"lazy\" class=\"alignnone wp-image-14725\" src=\"https:\/\/www.correiodascidades.com.br\/v1\/wp-content\/uploads\/2025\/02\/f9880764-a051-48c6-9d36-c2654cb9dac0.jpeg\" alt=\"\" width=\"678\" height=\"381\" \/><\/p>\n<p>Quinto estava vivendo no centro da cidade no Hotel Brit\u00e2nia, junto com sua esposa Dona Perolina. \u00a0O corpo est\u00e1 sendo velado no Saf da cidade, o sepultamento ser\u00e1 \u00e1s 15:h, no Cemit\u00e9rio da Vit\u00f3ria.<\/p>\n<p>&nbsp;<\/p>\n","protected":false},"excerpt":{"rendered":"<p>Morreu na madrugada deste domingo (24), Laudelino Quinto de Souza, Quinto como era conhecido, foi radialista durante muito tempo de sua vida. Pai de cinco filhos, ele sempre dedicou seu tempo ao radio, foi fiel e dedicado a comunica\u00e7\u00e3o. Quinto passou mal a noite e com fortes dores no peito n\u00e3o resistiu a um infarto [&hellip;]<\/p>\n","protected":false},"author":3,"featured_media":14724,"comment_status":"closed","ping_status":"closed","sticky":false,"template":"","format":"standard","meta":{"_links_to":"","_links_to_target":""},"categories":[1],"tags":[],"_links":{"self":[{"href":"https:\/\/www.correiodascidades.com.br\/v1\/wp-json\/wp\/v2\/posts\/14723"}],"collection":[{"href":"https:\/\/www.correiodascidades.com.br\/v1\/wp-json\/wp\/v2\/posts"}],"about":[{"href":"https:\/\/www.correiodascidades.com.br\/v1\/wp-json\/wp\/v2\/types\/post"}],"author":[{"embeddable":true,"href":"https:\/\/www.correiodascidades.com.br\/v1\/wp-json\/wp\/v2\/users\/3"}],"replies":[{"embeddable":true,"href":"https:\/\/www.correiodascidades.com.br\/v1\/wp-json\/wp\/v2\/comments?post=14723"}],"version-history":[{"count":3,"href":"https:\/\/www.correiodascidades.com.br\/v1\/wp-json\/wp\/v2\/posts\/14723\/revisions"}],"predecessor-version":[{"id":14730,"href":"https:\/\/www.correiodascidades.com.br\/v1\/wp-json\/wp\/v2\/posts\/14723\/revisions\/14730"}],"wp:featuredmedia":[{"embeddable":true,"href":"https:\/\/www.correiodascidades.com.br\/v1\/wp-json\/wp\/v2\/media\/14724"}],"wp:attachment":[{"href":"https:\/\/www.correiodascidades.com.br\/v1\/wp-json\/wp\/v2\/media?parent=14723"}],"wp:term":[{"taxonomy":"category","embeddable":true,"href":"https:\/\/www.correiodascidades.com.br\/v1\/wp-json\/wp\/v2\/categories?post=14723"},{"taxonomy":"post_tag","embeddable":true,"href":"https:\/\/www.correiodascidades.com.br\/v1\/wp-json\/wp\/v2\/tags?post=14723"}],"curies":[{"name":"wp","href":"https:\/\/api.w.org\/{rel}","templated":true}]}}