{"id":14732,"date":"2025-02-24T22:41:38","date_gmt":"2025-02-25T01:41:38","guid":{"rendered":"https:\/\/www.correiodascidades.com.br\/v1\/?p=14732"},"modified":"2025-02-24T22:41:38","modified_gmt":"2025-02-25T01:41:38","slug":"incendio-atinge-camara-municipal-de-salvador-e-local-e-evacuado","status":"publish","type":"post","link":"https:\/\/www.correiodascidades.com.br\/v1\/2025\/02\/24\/incendio-atinge-camara-municipal-de-salvador-e-local-e-evacuado\/","title":{"rendered":"Inc\u00eandio atinge C\u00e2mara Municipal de Salvador e local \u00e9 evacuado"},"content":{"rendered":"<p><img loading=\"lazy\" class=\"\" src=\"https:\/\/www.correiodascidades.com.br\/v1\/wp-content\/uploads\/2025\/02\/incendio-atinge-camara-2624198-article.jpeg\" width=\"600\" height=\"450\" \/><\/p>\n<p>Um inc\u00eandio foi registrado no in\u00edcio da tarde desta segunda-feira (24) no Pal\u00e1cio da C\u00e2mara Municipal de Salvador. Equipes do Corpo de Bombeiros j\u00e1 est\u00e3o no local trabalhando para controlar as chamas. O local foi evacuado e n\u00e3o h\u00e1 feridos. Segundo informa\u00e7\u00f5es da assessoria da Casa,o fogo teria come\u00e7ado no ar-condicionado do Sal\u00e3o Nobre.<\/p>\n<p>De acordo com o chefe da Assist\u00eancia Militar da C\u00e2mara, coronel Marcelo Grun, as chamas atingiram inicialmente o teto do pr\u00e9dio. \u201cOs bombeiros est\u00e3o atuando para conter o inc\u00eandio e evitar maiores danos\u201d, disse. Equipes da Superintend\u00eancia de Tr\u00e2nsito do Salvador (Transalvador) interditaram a rua de acesso \u00e0 C\u00e2mara, na Pra\u00e7a Thom\u00e9 de Souza. O edif\u00edcio, constru\u00eddo em 1696, \u00e9 um dos mais antigos da cidade e possui uma estrutura arquitet\u00f4nica reconhecida e protegida pelo Instituto do Patrim\u00f4nio Hist\u00f3rico e Art\u00edstico Nacional (Iphan).<\/p>\n<div class=\"flex flex-col p-2 px-0 w-full font-normal text-[18px] leading-[30px] text-tw-theme-text-default\">\n<div class=\"flex flex-col p-2 px-0 w-full font-normal text-[18px] leading-[30px] text-tw-theme-text-default\">\n<p id=\"paragrafo-gkthnbhbtu\">O im\u00f3vel est\u00e1 pr\u00f3ximo a importantes atra\u00e7\u00f5es tur\u00edsticas, como o Elevador Lacerda, a Cruz Ca\u00edda e o Pelourinho, refor\u00e7ando sua relev\u00e2ncia hist\u00f3rica e cultural para a capital baiana.<\/p>\n<\/div>\n<\/div>\n<p>&nbsp;<\/p>\n","protected":false},"excerpt":{"rendered":"<p>Um inc\u00eandio foi registrado no in\u00edcio da tarde desta segunda-feira (24) no Pal\u00e1cio da C\u00e2mara Municipal de Salvador. Equipes do Corpo de Bombeiros j\u00e1 est\u00e3o no local trabalhando para controlar as chamas. O local foi evacuado e n\u00e3o h\u00e1 feridos. Segundo informa\u00e7\u00f5es da assessoria da Casa,o fogo teria come\u00e7ado no ar-condicionado do Sal\u00e3o Nobre. De [&hellip;]<\/p>\n","protected":false},"author":3,"featured_media":14733,"comment_status":"closed","ping_status":"closed","sticky":false,"template":"","format":"standard","meta":{"_links_to":"","_links_to_target":""},"categories":[1],"tags":[],"_links":{"self":[{"href":"https:\/\/www.correiodascidades.com.br\/v1\/wp-json\/wp\/v2\/posts\/14732"}],"collection":[{"href":"https:\/\/www.correiodascidades.com.br\/v1\/wp-json\/wp\/v2\/posts"}],"about":[{"href":"https:\/\/www.correiodascidades.com.br\/v1\/wp-json\/wp\/v2\/types\/post"}],"author":[{"embeddable":true,"href":"https:\/\/www.correiodascidades.com.br\/v1\/wp-json\/wp\/v2\/users\/3"}],"replies":[{"embeddable":true,"href":"https:\/\/www.correiodascidades.com.br\/v1\/wp-json\/wp\/v2\/comments?post=14732"}],"version-history":[{"count":1,"href":"https:\/\/www.correiodascidades.com.br\/v1\/wp-json\/wp\/v2\/posts\/14732\/revisions"}],"predecessor-version":[{"id":14734,"href":"https:\/\/www.correiodascidades.com.br\/v1\/wp-json\/wp\/v2\/posts\/14732\/revisions\/14734"}],"wp:featuredmedia":[{"embeddable":true,"href":"https:\/\/www.correiodascidades.com.br\/v1\/wp-json\/wp\/v2\/media\/14733"}],"wp:attachment":[{"href":"https:\/\/www.correiodascidades.com.br\/v1\/wp-json\/wp\/v2\/media?parent=14732"}],"wp:term":[{"taxonomy":"category","embeddable":true,"href":"https:\/\/www.correiodascidades.com.br\/v1\/wp-json\/wp\/v2\/categories?post=14732"},{"taxonomy":"post_tag","embeddable":true,"href":"https:\/\/www.correiodascidades.com.br\/v1\/wp-json\/wp\/v2\/tags?post=14732"}],"curies":[{"name":"wp","href":"https:\/\/api.w.org\/{rel}","templated":true}]}}