{"id":14771,"date":"2025-02-27T22:56:44","date_gmt":"2025-02-28T01:56:44","guid":{"rendered":"https:\/\/www.correiodascidades.com.br\/v1\/?p=14771"},"modified":"2025-02-27T22:56:44","modified_gmt":"2025-02-28T01:56:44","slug":"nota-de-repudio-do-partido-psdb","status":"publish","type":"post","link":"https:\/\/www.correiodascidades.com.br\/v1\/2025\/02\/27\/nota-de-repudio-do-partido-psdb\/","title":{"rendered":"NOTA DE REP\u00daDIO DO PARTIDO PSDB"},"content":{"rendered":"<p><img loading=\"lazy\" class=\"\" src=\"https:\/\/www.correiodascidades.com.br\/v1\/wp-content\/uploads\/2025\/02\/781d7ddf-72ba-468a-b155-a9ceea0ad83b.jpeg\" width=\"510\" height=\"510\" \/><\/p>\n<p>PSB) de Ilh\u00e9us manifesta seu total rep\u00fadio \u00e0 postura do vereador Tandick Resende, que, demonstrando uma criatividade exc\u00eantrica e descompromissada com a realidade, utilizou informa\u00e7\u00f5es vazadas indevidamente de um processo judicial sigiloso para criar ataques pessoais inver\u00eddicos e equivocados contra o vereador Maur\u00edcio Galv\u00e3o durante a sess\u00e3o da C\u00e2mara Municipal no dia 26 de fevereiro de 2025.<\/p>\n<p>Acreditamos que o debate pol\u00edtico deve se basear no respeito e na \u00e9tica, e n\u00e3o em ofensas e ataques \u00e0 honra de qualquer parlamentar ou cidad\u00e3o. A utiliza\u00e7\u00e3o de informa\u00e7\u00f5es sigilosas de maneira irrespons\u00e1vel para fins pol\u00edticos n\u00e3o apenas compromete a integridade do processo judicial, como tamb\u00e9m enfraquece a democracia e desvia o foco das verdadeiras necessidades da popula\u00e7\u00e3o ilheense.<\/p>\n<p>Diante disso, exigimos que a C\u00e2mara Municipal tome as provid\u00eancias cab\u00edveis para garantir que o ambiente legislativo seja pautado pelo decoro e pela seriedade que a fun\u00e7\u00e3o exige. Al\u00e9m disso, solicitamos que os \u00f3rg\u00e3os competentes apurem a origem do vazamento dessas informa\u00e7\u00f5es e adotem as medidas necess\u00e1rias para responsabilizar os envolvidos.<!--more--><\/p>\n<p>O PSB de Ilh\u00e9us seguir\u00e1 firme na defesa de uma pol\u00edtica comprometida com a verdade, o respeito e o bem-estar da nossa cidade.<\/p>\n<p>Ilh\u00e9us, 27 de fevereiro de 2025<\/p>\n<p>Diret\u00f3rio Municipal do Partido Socialista Brasileiro (PSB) \u2013 Ilh\u00e9us<\/p>\n","protected":false},"excerpt":{"rendered":"<p>PSB) de Ilh\u00e9us manifesta seu total rep\u00fadio \u00e0 postura do vereador Tandick Resende, que, demonstrando uma criatividade exc\u00eantrica e descompromissada com a realidade, utilizou informa\u00e7\u00f5es vazadas indevidamente de um processo judicial sigiloso para criar ataques pessoais inver\u00eddicos e equivocados contra o vereador Maur\u00edcio Galv\u00e3o durante a sess\u00e3o da C\u00e2mara Municipal no dia 26 de fevereiro [&hellip;]<\/p>\n","protected":false},"author":3,"featured_media":14772,"comment_status":"closed","ping_status":"closed","sticky":false,"template":"","format":"standard","meta":{"_links_to":"","_links_to_target":""},"categories":[1],"tags":[],"_links":{"self":[{"href":"https:\/\/www.correiodascidades.com.br\/v1\/wp-json\/wp\/v2\/posts\/14771"}],"collection":[{"href":"https:\/\/www.correiodascidades.com.br\/v1\/wp-json\/wp\/v2\/posts"}],"about":[{"href":"https:\/\/www.correiodascidades.com.br\/v1\/wp-json\/wp\/v2\/types\/post"}],"author":[{"embeddable":true,"href":"https:\/\/www.correiodascidades.com.br\/v1\/wp-json\/wp\/v2\/users\/3"}],"replies":[{"embeddable":true,"href":"https:\/\/www.correiodascidades.com.br\/v1\/wp-json\/wp\/v2\/comments?post=14771"}],"version-history":[{"count":1,"href":"https:\/\/www.correiodascidades.com.br\/v1\/wp-json\/wp\/v2\/posts\/14771\/revisions"}],"predecessor-version":[{"id":14773,"href":"https:\/\/www.correiodascidades.com.br\/v1\/wp-json\/wp\/v2\/posts\/14771\/revisions\/14773"}],"wp:featuredmedia":[{"embeddable":true,"href":"https:\/\/www.correiodascidades.com.br\/v1\/wp-json\/wp\/v2\/media\/14772"}],"wp:attachment":[{"href":"https:\/\/www.correiodascidades.com.br\/v1\/wp-json\/wp\/v2\/media?parent=14771"}],"wp:term":[{"taxonomy":"category","embeddable":true,"href":"https:\/\/www.correiodascidades.com.br\/v1\/wp-json\/wp\/v2\/categories?post=14771"},{"taxonomy":"post_tag","embeddable":true,"href":"https:\/\/www.correiodascidades.com.br\/v1\/wp-json\/wp\/v2\/tags?post=14771"}],"curies":[{"name":"wp","href":"https:\/\/api.w.org\/{rel}","templated":true}]}}