{"id":1492,"date":"2022-11-16T09:32:50","date_gmt":"2022-11-16T12:32:50","guid":{"rendered":"https:\/\/www.correiodascidades.com.br\/v1\/?p=1492"},"modified":"2022-11-16T09:34:31","modified_gmt":"2022-11-16T12:34:31","slug":"itabuna-a-cidade-mergulhada-na-agua","status":"publish","type":"post","link":"https:\/\/www.correiodascidades.com.br\/v1\/2022\/11\/16\/itabuna-a-cidade-mergulhada-na-agua\/","title":{"rendered":"Itabuna: A cidade mergulhada na \u00e1gua"},"content":{"rendered":"<p><img loading=\"lazy\" class=\"alignnone wp-image-1494\" src=\"https:\/\/www.correiodascidades.com.br\/v1\/wp-content\/uploads\/2022\/11\/8274e8c6-9001-4479-8345-dd1e91dad70b-sarinha-1.jpeg\" alt=\"\" width=\"607\" height=\"1317\" \/><\/p>\n<p>&nbsp;<\/p>\n<p>V\u00e1rios bairros da cidade amanheceram com grandes bols\u00f5es de alagamentos. Na Rua Sarinha Alc\u00e2ntara, por exemplo, o canal transbordou deixando parte da localidade intransit\u00e1vel. <!--more--><\/p>\n<p>Na Vila An\u00e1lia, aconteceu o mesmo os boeiros entupiram quase todos dificultando e armazenando um grande volume de \u00e1gua. Com isso, um grande inundamento toma conta da cidade no inicio da manh\u00e3 desta quarta-feira (16).<\/p>\n<p>A previs\u00e3o do tempo indica para a cidade nesta quarta feira a possibilidade de chover em m\u00e9dia 60 mm, de \u00e1guas.<\/p>\n<p>A prefeitura mobilizou uma for\u00e7a tarefa para atender as pessoas e resolver os problemas. Foi acionada a Defesa Civil da cidade, juntamente com a Embasa para juntos resolverem as desobstru\u00e7\u00f5es de passagem de \u00e1gua, abertura de ruas enfim. Com informa\u00e7\u00f5es Zaap TVI.<\/p>\n","protected":false},"excerpt":{"rendered":"<p>&nbsp; V\u00e1rios bairros da cidade amanheceram com grandes bols\u00f5es de alagamentos. Na Rua Sarinha Alc\u00e2ntara, por exemplo, o canal transbordou deixando parte da localidade intransit\u00e1vel.<\/p>\n","protected":false},"author":3,"featured_media":1494,"comment_status":"closed","ping_status":"closed","sticky":false,"template":"","format":"standard","meta":{"_links_to":"","_links_to_target":""},"categories":[2],"tags":[],"_links":{"self":[{"href":"https:\/\/www.correiodascidades.com.br\/v1\/wp-json\/wp\/v2\/posts\/1492"}],"collection":[{"href":"https:\/\/www.correiodascidades.com.br\/v1\/wp-json\/wp\/v2\/posts"}],"about":[{"href":"https:\/\/www.correiodascidades.com.br\/v1\/wp-json\/wp\/v2\/types\/post"}],"author":[{"embeddable":true,"href":"https:\/\/www.correiodascidades.com.br\/v1\/wp-json\/wp\/v2\/users\/3"}],"replies":[{"embeddable":true,"href":"https:\/\/www.correiodascidades.com.br\/v1\/wp-json\/wp\/v2\/comments?post=1492"}],"version-history":[{"count":3,"href":"https:\/\/www.correiodascidades.com.br\/v1\/wp-json\/wp\/v2\/posts\/1492\/revisions"}],"predecessor-version":[{"id":1497,"href":"https:\/\/www.correiodascidades.com.br\/v1\/wp-json\/wp\/v2\/posts\/1492\/revisions\/1497"}],"wp:featuredmedia":[{"embeddable":true,"href":"https:\/\/www.correiodascidades.com.br\/v1\/wp-json\/wp\/v2\/media\/1494"}],"wp:attachment":[{"href":"https:\/\/www.correiodascidades.com.br\/v1\/wp-json\/wp\/v2\/media?parent=1492"}],"wp:term":[{"taxonomy":"category","embeddable":true,"href":"https:\/\/www.correiodascidades.com.br\/v1\/wp-json\/wp\/v2\/categories?post=1492"},{"taxonomy":"post_tag","embeddable":true,"href":"https:\/\/www.correiodascidades.com.br\/v1\/wp-json\/wp\/v2\/tags?post=1492"}],"curies":[{"name":"wp","href":"https:\/\/api.w.org\/{rel}","templated":true}]}}