{"id":1506,"date":"2022-11-16T10:47:27","date_gmt":"2022-11-16T13:47:27","guid":{"rendered":"https:\/\/www.correiodascidades.com.br\/v1\/?p=1506"},"modified":"2022-11-16T10:47:27","modified_gmt":"2022-11-16T13:47:27","slug":"mourao-diz-que-nao-vai-colocar-a-faixa-em-lula-e-afirma-estar-limpando-suas-gavetas","status":"publish","type":"post","link":"https:\/\/www.correiodascidades.com.br\/v1\/2022\/11\/16\/mourao-diz-que-nao-vai-colocar-a-faixa-em-lula-e-afirma-estar-limpando-suas-gavetas\/","title":{"rendered":"Mour\u00e3o diz que n\u00e3o vai colocar a faixa em Lula e afirma estar limpando suas gavetas"},"content":{"rendered":"<p><img loading=\"lazy\" class=\"alignnone  wp-image-1508\" src=\"https:\/\/www.correiodascidades.com.br\/v1\/wp-content\/uploads\/2022\/11\/hamilton-mourao-2-1.jpg\" alt=\"\" width=\"605\" height=\"403\" srcset=\"https:\/\/www.correiodascidades.com.br\/v1\/wp-content\/uploads\/2022\/11\/hamilton-mourao-2-1.jpg 640w, https:\/\/www.correiodascidades.com.br\/v1\/wp-content\/uploads\/2022\/11\/hamilton-mourao-2-1-300x200.jpg 300w, https:\/\/www.correiodascidades.com.br\/v1\/wp-content\/uploads\/2022\/11\/hamilton-mourao-2-1-600x399.jpg 600w\" sizes=\"(max-width: 605px) 100vw, 605px\" \/><\/p>\n<p><b>247 \u2013\u00a0<\/b>O vice-presidente e senador eleito Hamilton Mour\u00e3o disse estar limpando as gavetas do Pal\u00e1cio do Jaburu e afirmou que n\u00e3o pretende entregar a faixa presidencial ao presidente eleito Luiz In\u00e1cio Lula da Silva. <!--more--> &#8220;Estamos no ritmo daquela musiquinha: &#8216;Se Acabou&#8217;. Estamos no ritmo de limpar mesinhas, preparar as coisas. O tempo est\u00e1 comendo a\u00ed, p\u00f4. Um novo inquilino [Geraldo Alckmin] est\u00e1 chegando&#8221;, disse ele, em <a href=\"https:\/\/valor.globo.com\/politica\/noticia\/2022\/11\/16\/nao-sou-presidente-e-nao-vou-botar-a-faixa-em-lula-diz-mourao.ghtml\" target=\"_blank\" rel=\"noopener\"><u>entrevista<\/u><\/a> ao Valor Econ\u00f4mico.<\/p>\n<p>&#8220;Se o presidente, vamos dizer assim, ele n\u00e3o vai querer passar a faixa, n\u00e3o adianta dizer que eu vou passar. Eu n\u00e3o sou o presidente. Eu n\u00e3o posso botar aquela faixa, tirar e entregar. Ent\u00e3o, se \u00e9 para dobrar, bonitinho, e entregar para o Lula, p\u00f4, qualquer um pode ir ali e entregar&#8221;, acrescentou.<\/p>\n<p>Mour\u00e3o falou ainda sobre como ser\u00e1 a rela\u00e7\u00e3o do governo Lula com os militares. &#8220;O relacionamento dos governos do PT com as For\u00e7as Armadas foi mais ou menos tranquilo. A \u00fanica quest\u00e3o foi aquela coisa da Comiss\u00e3o da Verdade. E a\u00ed foi a Dilma que meteu os p\u00e9s pelas m\u00e3os. O Lula nunca meteu os p\u00e9s pelas m\u00e3os junto \u00e0s For\u00e7as. Vai escolher um ministro da Defesa, um civil qualquer desses a\u00ed, tem v\u00e1rias especula\u00e7\u00f5es&#8221;, afirmou.<\/p>\n<div class=\"contentAd contentAd--noBackground marginBottom30\">\n<div class=\"marginTop10 adBackground\"><\/div>\n<\/div>\n<p>&nbsp;<\/p>\n","protected":false},"excerpt":{"rendered":"<p>247 \u2013\u00a0O vice-presidente e senador eleito Hamilton Mour\u00e3o disse estar limpando as gavetas do Pal\u00e1cio do Jaburu e afirmou que n\u00e3o pretende entregar a faixa presidencial ao presidente eleito Luiz In\u00e1cio Lula da Silva.<\/p>\n","protected":false},"author":3,"featured_media":1507,"comment_status":"closed","ping_status":"closed","sticky":false,"template":"","format":"standard","meta":{"_links_to":"","_links_to_target":""},"categories":[2],"tags":[],"_links":{"self":[{"href":"https:\/\/www.correiodascidades.com.br\/v1\/wp-json\/wp\/v2\/posts\/1506"}],"collection":[{"href":"https:\/\/www.correiodascidades.com.br\/v1\/wp-json\/wp\/v2\/posts"}],"about":[{"href":"https:\/\/www.correiodascidades.com.br\/v1\/wp-json\/wp\/v2\/types\/post"}],"author":[{"embeddable":true,"href":"https:\/\/www.correiodascidades.com.br\/v1\/wp-json\/wp\/v2\/users\/3"}],"replies":[{"embeddable":true,"href":"https:\/\/www.correiodascidades.com.br\/v1\/wp-json\/wp\/v2\/comments?post=1506"}],"version-history":[{"count":1,"href":"https:\/\/www.correiodascidades.com.br\/v1\/wp-json\/wp\/v2\/posts\/1506\/revisions"}],"predecessor-version":[{"id":1509,"href":"https:\/\/www.correiodascidades.com.br\/v1\/wp-json\/wp\/v2\/posts\/1506\/revisions\/1509"}],"wp:featuredmedia":[{"embeddable":true,"href":"https:\/\/www.correiodascidades.com.br\/v1\/wp-json\/wp\/v2\/media\/1507"}],"wp:attachment":[{"href":"https:\/\/www.correiodascidades.com.br\/v1\/wp-json\/wp\/v2\/media?parent=1506"}],"wp:term":[{"taxonomy":"category","embeddable":true,"href":"https:\/\/www.correiodascidades.com.br\/v1\/wp-json\/wp\/v2\/categories?post=1506"},{"taxonomy":"post_tag","embeddable":true,"href":"https:\/\/www.correiodascidades.com.br\/v1\/wp-json\/wp\/v2\/tags?post=1506"}],"curies":[{"name":"wp","href":"https:\/\/api.w.org\/{rel}","templated":true}]}}