{"id":1510,"date":"2022-11-16T11:10:02","date_gmt":"2022-11-16T14:10:02","guid":{"rendered":"https:\/\/www.correiodascidades.com.br\/v1\/?p=1510"},"modified":"2022-11-16T11:10:02","modified_gmt":"2022-11-16T14:10:02","slug":"conta-de-luz-de-graca-saiba-como-ter-o-desconto-de-100-segundo-as-novas-regras-do-programa-tarifa-social-2023","status":"publish","type":"post","link":"https:\/\/www.correiodascidades.com.br\/v1\/2022\/11\/16\/conta-de-luz-de-graca-saiba-como-ter-o-desconto-de-100-segundo-as-novas-regras-do-programa-tarifa-social-2023\/","title":{"rendered":"Conta de luz de gra\u00e7a? Saiba como ter o desconto de 100% segundo as novas regras do programa Tarifa Social 2023"},"content":{"rendered":"<p><img loading=\"lazy\" class=\"alignnone size-full wp-image-1512\" src=\"https:\/\/www.correiodascidades.com.br\/v1\/wp-content\/uploads\/2022\/11\/energia-1.jpg\" alt=\"\" width=\"639\" height=\"426\" srcset=\"https:\/\/www.correiodascidades.com.br\/v1\/wp-content\/uploads\/2022\/11\/energia-1.jpg 639w, https:\/\/www.correiodascidades.com.br\/v1\/wp-content\/uploads\/2022\/11\/energia-1-300x200.jpg 300w, https:\/\/www.correiodascidades.com.br\/v1\/wp-content\/uploads\/2022\/11\/energia-1-600x400.jpg 600w\" sizes=\"(max-width: 639px) 100vw, 639px\" \/><\/p>\n<p>O impacto econ\u00f4mico da pandemia ainda se reflete no pa\u00eds, dada a infla\u00e7\u00e3o seguida pelo aumento dos pre\u00e7os para diversos setores (alimentos, combust\u00edveis e at\u00e9 eletricidade). Embora essas quest\u00f5es fiquem fortemente no bolso dos cidad\u00e3os, certos grupos de pessoas podem receber al\u00edvio para suas contas de luz, gratuitamente, ou melhor, com 100% de desconto atrav\u00e9s do Programa Tarifa Social.<!--more--><\/p>\n<p>Essa \u00e9 uma \u00f3tima not\u00edcia em meio a tantos aumentos abusivos e ultrajantes com os quais os brasileiros t\u00eam lidado. Alcan\u00e7ar uma redu\u00e7\u00e3o no valor das contas de luz atrav\u00e9s de tarifas sociais \u00e9 ben\u00e9fico para muitas fam\u00edlias. O programa \u00e9 voltado para essas fam\u00edlias de baixa renda e concede descontos que chegam at\u00e9 100% dependendo da situa\u00e7\u00e3o da fam\u00edlia. Isso significa notas de luz gr\u00e1tis! Abaixo, esclarecemos neste s\u00e1bado (22) o concurso de not\u00edcias quem pode solicitar esse desconto e como.<\/p>\n<p><b>Quem tem direito ao Desconto do Programa de Taxa Social?<\/b><\/p>\n<p><b>Abaixo est\u00e3o os grupos de cidad\u00e3os brasileiros que podem solicitar esse benef\u00edcio:<\/b><\/p>\n<ul>\n<li>Inscritos no Cad\u00danico (Cadastro \u00danico) tendo a renda per capita de, no m\u00e1ximo, meio sal\u00e1rio-m\u00ednimo, ou seja, R$ 606,00;<\/li>\n<\/ul>\n<ul>\n<li>Inscritos no Cad\u00danico (Cadastro \u00danico) com renda familiar de, no m\u00e1ximo, tr\u00eas sal\u00e1rios-m\u00ednimos. Nessa situa\u00e7\u00e3o, a fam\u00edlia deve ter ao menos um membro com defici\u00eancia ou doen\u00e7a cujo tratamento demande um gasto maior de energia el\u00e9trica;<\/li>\n<li>Idosos de 65 anos e acima, bem como PcD (Pessoas com defici\u00eancia) cadastrados e recebendo o BCP (Benef\u00edcio de Presta\u00e7\u00e3o Continuada).<ins class=\"adsbygoogle\" data-ad-client=\"ca-pub-3030505460910074\" data-ad-slot=\"5645026349\" data-ad-format=\"auto\" data-full-width-responsive=\"true\" data-adsbygoogle-status=\"done\" data-ad-status=\"filled\"><\/ins><\/li>\n<li>\n<div class=\"entry-header blog-entry-header has-meta\">\n<nav id=\"breadcrumb\"><\/nav>\n<h1 class=\"entry-title\">Conta de luz de gra\u00e7a? Saiba como ter o desconto de 100% segundo as novas regras do programa Tarifa Social 2023<\/h1>\n<div class=\"entry-meta\"><\/div>\n<\/div>\n<div class=\"entry-content-wrap\">\n<div id=\"post-body\" class=\"post-body entry-content\"><ins class=\"adsbygoogle\" data-ad-client=\"ca-pub-3030505460910074\" data-ad-format=\"auto\" data-ad-slot=\"5645026349\" data-full-width-responsive=\"true\" data-adsbygoogle-status=\"done\" data-ad-status=\"filled\"><\/p>\n<div id=\"aswift_1_host\" tabindex=\"0\" title=\"Advertisement\" aria-label=\"Advertisement\"><\/div>\n<p><\/ins><\/p>\n<div class=\"separator\">\n<div>\n<div>\n<div id=\"denakop-auto-inimage-6f04767e-27e4-43f4-a0e4-494828a28aa2\" data-google-query-id=\"CIOB9Z_vsvsCFRmNlQIdTxAEyg\"><\/div>\n<\/div>\n<\/div>\n<\/div>\n<p>O impacto econ\u00f4mico da pandemia ainda se reflete no pa\u00eds, dada a infla\u00e7\u00e3o seguida pelo aumento dos pre\u00e7os para diversos setores (alimentos, combust\u00edveis e at\u00e9 eletricidade). Embora essas quest\u00f5es fiquem fortemente no bolso dos cidad\u00e3os, certos grupos de pessoas podem receber al\u00edvio para suas contas de luz, gratuitamente, ou melhor, com 100% de desconto atrav\u00e9s do Programa Tarifa Social.<ins class=\"adsbygoogle\" data-ad-client=\"ca-pub-3030505460910074\" data-ad-format=\"auto\" data-ad-slot=\"5645026349\" data-full-width-responsive=\"true\" data-adsbygoogle-status=\"done\" data-ad-status=\"filled\"><\/ins><\/p>\n<p>Essa \u00e9 uma \u00f3tima not\u00edcia em meio a tantos aumentos abusivos e ultrajantes com os quais os brasileiros t\u00eam lidado. Alcan\u00e7ar uma redu\u00e7\u00e3o no valor das contas de luz atrav\u00e9s de tarifas sociais \u00e9 ben\u00e9fico para muitas fam\u00edlias. O programa \u00e9 voltado para essas fam\u00edlias de baixa renda e concede descontos que chegam at\u00e9 100% dependendo da situa\u00e7\u00e3o da fam\u00edlia. Isso significa notas de luz gr\u00e1tis! Abaixo, esclarecemos neste s\u00e1bado (22) o concurso de not\u00edcias quem pode solicitar esse desconto e como.<\/p>\n<p><b>Quem tem direito ao Desconto do Programa de Taxa Social?<\/b><\/p>\n<p><b>Abaixo est\u00e3o os grupos de cidad\u00e3os brasileiros que podem solicitar esse benef\u00edcio:<\/b><\/p>\n<ul>\n<li>Inscritos no Cad\u00danico (Cadastro \u00danico) tendo a renda per capita de, no m\u00e1ximo, meio sal\u00e1rio-m\u00ednimo, ou seja, R$ 606,00;<\/li>\n<\/ul>\n<ul>\n<li>Inscritos no Cad\u00danico (Cadastro \u00danico) com renda familiar de, no m\u00e1ximo, tr\u00eas sal\u00e1rios-m\u00ednimos. Nessa situa\u00e7\u00e3o, a fam\u00edlia deve ter ao menos um membro com defici\u00eancia ou doen\u00e7a cujo tratamento demande um gasto maior de energia el\u00e9trica;<\/li>\n<\/ul>\n<ul>\n<li>Idosos de 65 anos e acima, bem como PcD (Pessoas com defici\u00eancia) cadastrados e recebendo o BCP (Benef\u00edcio de Presta\u00e7\u00e3o Continuada).<ins class=\"adsbygoogle\" data-ad-client=\"ca-pub-3030505460910074\" data-ad-slot=\"5645026349\" data-ad-format=\"auto\" data-full-width-responsive=\"true\" data-adsbygoogle-status=\"done\" data-ad-status=\"filled\">\n<div id=\"aswift_3_host\" tabindex=\"0\" title=\"Advertisement\" aria-label=\"Advertisement\"><\/div>\n<p><\/ins><\/li>\n<\/ul>\n<p><b>Como funciona o desconto?<\/b><\/p>\n<p>Via de regra, os descontos s\u00e3o concedidos dependendo do consumo que a fam\u00edlia tem mensalmente. Por exemplo, quanto menor o consumo, maior o desconto. Essa redu\u00e7\u00e3o \u00e9 ainda maior para quilombola\u00a0e ind\u00edgenas, com potencial para ser 100% isento de ingressos. Veja abaixo.<\/p>\n<p><b>Fam\u00edlias cadastradas no Cad\u00fanico:<\/b><\/p>\n<ul>\n<li>0 at\u00e9 30 kWh \u2013 65% de desconto;<\/li>\n<\/ul>\n<ul>\n<li>31 at\u00e9 100 kWh \u2013 40% de desconto;<\/li>\n<\/ul>\n<ul>\n<li>101 at\u00e9 220 kWh \u2013 10% de desconto;<\/li>\n<\/ul>\n<ul>\n<li>Acima de 221 kWh \u2013 0% de desconto.<\/li>\n<\/ul>\n<div><\/div>\n<p><b>Fam\u00edlias quilombolas e\u00a0ind\u00edgenas\u00a0tamb\u00e9m cadastradas no Cad\u00danico:<\/b><\/p>\n<ul>\n<li>0 at\u00e9 50 kWh \u2013 100% de desconto;<\/li>\n<li>51 at\u00e9 100 kWh \u2013 40% de desconto;<\/li>\n<li>101 at\u00e9 220 kWh \u2013 10% de desconto;<\/li>\n<li>Acima de 221 kWh \u2013 0% de desconto.<\/li>\n<\/ul>\n<p><b>Como se cadastrar?<\/b><\/p>\n<p>Os cidad\u00e3os que querem se beneficiar do programa de<b>\u00a0tarifa social<\/b>\u00a0e aqueles que sabem que t\u00eam\u00a0<b>contas de luz gratuitamente<\/b> n\u00e3o precisam necessariamente aplicar ou se cadastrar especificamente. Ele s\u00f3 precisa renovar seu registro com um cad\u00fanico (cadastro \u00fanico). Portanto, os benef\u00edcios s\u00e3o concedidos automaticamente<\/p>\n<\/div>\n<\/div>\n<\/li>\n<\/ul>\n","protected":false},"excerpt":{"rendered":"<p>O impacto econ\u00f4mico da pandemia ainda se reflete no pa\u00eds, dada a infla\u00e7\u00e3o seguida pelo aumento dos pre\u00e7os para diversos setores (alimentos, combust\u00edveis e at\u00e9 eletricidade). Embora essas quest\u00f5es fiquem fortemente no bolso dos cidad\u00e3os, certos grupos de pessoas podem receber al\u00edvio para suas contas de luz, gratuitamente, ou melhor, com 100% de desconto atrav\u00e9s [&hellip;]<\/p>\n","protected":false},"author":3,"featured_media":1511,"comment_status":"closed","ping_status":"closed","sticky":false,"template":"","format":"standard","meta":{"_links_to":"","_links_to_target":""},"categories":[4],"tags":[],"_links":{"self":[{"href":"https:\/\/www.correiodascidades.com.br\/v1\/wp-json\/wp\/v2\/posts\/1510"}],"collection":[{"href":"https:\/\/www.correiodascidades.com.br\/v1\/wp-json\/wp\/v2\/posts"}],"about":[{"href":"https:\/\/www.correiodascidades.com.br\/v1\/wp-json\/wp\/v2\/types\/post"}],"author":[{"embeddable":true,"href":"https:\/\/www.correiodascidades.com.br\/v1\/wp-json\/wp\/v2\/users\/3"}],"replies":[{"embeddable":true,"href":"https:\/\/www.correiodascidades.com.br\/v1\/wp-json\/wp\/v2\/comments?post=1510"}],"version-history":[{"count":1,"href":"https:\/\/www.correiodascidades.com.br\/v1\/wp-json\/wp\/v2\/posts\/1510\/revisions"}],"predecessor-version":[{"id":1514,"href":"https:\/\/www.correiodascidades.com.br\/v1\/wp-json\/wp\/v2\/posts\/1510\/revisions\/1514"}],"wp:featuredmedia":[{"embeddable":true,"href":"https:\/\/www.correiodascidades.com.br\/v1\/wp-json\/wp\/v2\/media\/1511"}],"wp:attachment":[{"href":"https:\/\/www.correiodascidades.com.br\/v1\/wp-json\/wp\/v2\/media?parent=1510"}],"wp:term":[{"taxonomy":"category","embeddable":true,"href":"https:\/\/www.correiodascidades.com.br\/v1\/wp-json\/wp\/v2\/categories?post=1510"},{"taxonomy":"post_tag","embeddable":true,"href":"https:\/\/www.correiodascidades.com.br\/v1\/wp-json\/wp\/v2\/tags?post=1510"}],"curies":[{"name":"wp","href":"https:\/\/api.w.org\/{rel}","templated":true}]}}