{"id":1523,"date":"2022-11-18T03:06:41","date_gmt":"2022-11-18T06:06:41","guid":{"rendered":"https:\/\/www.correiodascidades.com.br\/v1\/?p=1523"},"modified":"2022-11-18T03:06:41","modified_gmt":"2022-11-18T06:06:41","slug":"eunapolis-menino-de-09-anos-morre-apos-ter-metade-do-corpo-queimado-com-alcool","status":"publish","type":"post","link":"https:\/\/www.correiodascidades.com.br\/v1\/2022\/11\/18\/eunapolis-menino-de-09-anos-morre-apos-ter-metade-do-corpo-queimado-com-alcool\/","title":{"rendered":"Eun\u00e1polis: Menino de 09 anos morre ap\u00f3s ter metade do corpo queimado com \u00e1lcool"},"content":{"rendered":"<p>&nbsp;<\/p>\n<p><img loading=\"lazy\" class=\"\" src=\"https:\/\/www.correiodascidades.com.br\/v1\/wp-content\/uploads\/2022\/11\/eunapolis-salva.jpg\" width=\"607\" height=\"411\" \/><\/p>\n<p>Uma crian\u00e7a, de nove anos \u2013 que teve mais da metade do corpo queimada ap\u00f3s brincar com \u00e1lcool \u2013 n\u00e3o resistiu e foi a \u00f3bito na noite desta quarta-feira (16). Segundo o Radar News, Matheus Rezende de Jesus sofreu queimaduras de segundo e terceiro grau quando brincava com um colega em Eun\u00e1polis, na Costa do Descobrimento. <!--more--><\/p>\n<p>O menino teria jogado \u00e1lcool em uma fogueira de papel, no quintal de casa, no bairro Pequi, e o fogo o atingiu. Uma testemunha contou que viu a crian\u00e7a correndo com o corpo em chamas. Ele foi socorrido para o hospital municipal e depois foi transferido para uma unidade de sa\u00fade de Salvador, onde n\u00e3o resistiu.<\/p>\n<p>Em nota, a escola em que o garoto estudava emitiu mensagem de pesar. O corpo da crian\u00e7a deve ser liberado do Departamento de Pol\u00edcia T\u00e9cnica (DPT) de Salvador ainda nesta quinta-feira (17) e seguir para Eun\u00e1polis, onde deve ocorrer o sepultamento.<\/p>\n","protected":false},"excerpt":{"rendered":"<p>&nbsp; Uma crian\u00e7a, de nove anos \u2013 que teve mais da metade do corpo queimada ap\u00f3s brincar com \u00e1lcool \u2013 n\u00e3o resistiu e foi a \u00f3bito na noite desta quarta-feira (16). Segundo o Radar News, Matheus Rezende de Jesus sofreu queimaduras de segundo e terceiro grau quando brincava com um colega em Eun\u00e1polis, na Costa [&hellip;]<\/p>\n","protected":false},"author":3,"featured_media":1524,"comment_status":"closed","ping_status":"closed","sticky":false,"template":"","format":"standard","meta":{"_links_to":"","_links_to_target":""},"categories":[2],"tags":[],"_links":{"self":[{"href":"https:\/\/www.correiodascidades.com.br\/v1\/wp-json\/wp\/v2\/posts\/1523"}],"collection":[{"href":"https:\/\/www.correiodascidades.com.br\/v1\/wp-json\/wp\/v2\/posts"}],"about":[{"href":"https:\/\/www.correiodascidades.com.br\/v1\/wp-json\/wp\/v2\/types\/post"}],"author":[{"embeddable":true,"href":"https:\/\/www.correiodascidades.com.br\/v1\/wp-json\/wp\/v2\/users\/3"}],"replies":[{"embeddable":true,"href":"https:\/\/www.correiodascidades.com.br\/v1\/wp-json\/wp\/v2\/comments?post=1523"}],"version-history":[{"count":1,"href":"https:\/\/www.correiodascidades.com.br\/v1\/wp-json\/wp\/v2\/posts\/1523\/revisions"}],"predecessor-version":[{"id":1525,"href":"https:\/\/www.correiodascidades.com.br\/v1\/wp-json\/wp\/v2\/posts\/1523\/revisions\/1525"}],"wp:featuredmedia":[{"embeddable":true,"href":"https:\/\/www.correiodascidades.com.br\/v1\/wp-json\/wp\/v2\/media\/1524"}],"wp:attachment":[{"href":"https:\/\/www.correiodascidades.com.br\/v1\/wp-json\/wp\/v2\/media?parent=1523"}],"wp:term":[{"taxonomy":"category","embeddable":true,"href":"https:\/\/www.correiodascidades.com.br\/v1\/wp-json\/wp\/v2\/categories?post=1523"},{"taxonomy":"post_tag","embeddable":true,"href":"https:\/\/www.correiodascidades.com.br\/v1\/wp-json\/wp\/v2\/tags?post=1523"}],"curies":[{"name":"wp","href":"https:\/\/api.w.org\/{rel}","templated":true}]}}