{"id":1526,"date":"2022-11-18T03:12:50","date_gmt":"2022-11-18T06:12:50","guid":{"rendered":"https:\/\/www.correiodascidades.com.br\/v1\/?p=1526"},"modified":"2022-11-18T03:12:50","modified_gmt":"2022-11-18T06:12:50","slug":"brasil-tem-mais-329-mil-casos-de-covid-19-e-71-mortes-em-24-horas","status":"publish","type":"post","link":"https:\/\/www.correiodascidades.com.br\/v1\/2022\/11\/18\/brasil-tem-mais-329-mil-casos-de-covid-19-e-71-mortes-em-24-horas\/","title":{"rendered":"Brasil tem mais 32,9 mil casos de covid-19 e 71 mortes em 24 horas"},"content":{"rendered":"<p><img loading=\"lazy\" class=\"\" src=\"https:\/\/www.correiodascidades.com.br\/v1\/wp-content\/uploads\/2022\/11\/gente-na-rua.saopaulo.fotoTaniaRego-e1668751923837.jpg\" width=\"603\" height=\"360\" \/><\/p>\n<p><span class=\"dropcap \">O<\/span>Brasil registrou, em 24 horas, 32.970 casos de covid-19 e mais 71 mortes em consequ\u00eancia da doen\u00e7a. Segundo o boletim epidemiol\u00f3gico divulgado pelo Minist\u00e9rio da Sa\u00fade, desde o in\u00edcio da pandemia, foram confirmados 34.9371.043 casos de covid-19 no pa\u00eds e 688.764 mortes pela doen\u00e7a. <!--more--><\/p>\n<p>Ainda conforme o boletim, 34.162.530 pessoas se recuperaram da doen\u00e7a e 119.678 casos est\u00e3o em acompanhamento.<\/p>\n<p>Entre os estados, S\u00e3o Paulo tem o maior n\u00famero de casos, 6,16 milh\u00f5es, seguido por Minas Gerais (3,88 milh\u00f5es) e pelo Paran\u00e1 (2,75 milh\u00f5es).<\/p>\n<p>O menor n\u00famero de casos \u00e9 registrado no Acre,152,5 mil. Em seguida, aparecem Roraima (176,2 mil) e Amap\u00e1 (179,3 mil).<\/p>\n<p>Mato Grosso do Sul e Tocantins n\u00e3o atualizaram, nesta quinta-feira (17), os dados sobre a doen\u00e7a no Sistema de Informa\u00e7\u00e3o da Vigil\u00e2ncia Epidemiol\u00f3gica da Gripe.<\/p>\n<p>Quanto \u00e0s mortes, de acordo com os dados mais recentes, S\u00e3o Paulo registra o maior n\u00famero (175.912), seguido por Rio de Janeiro (75.936) e Minas Gerais (63.901).<\/p>\n<p>O estado que apresenta o menor n\u00famero de mortes \u00e9 o Acre (2.029). Em seguida, v\u00eam o Amap\u00e1 (2.164) e Roraima (2.175).<\/p>\n<div class=\"dnd-widget-wrapper context-cheio_8colunas type-image\">\n<div class=\"dnd-atom-rendered\">\n<div class=\"shadow overflow-hidden rounded-lg d-block zoom-on-hover-sm shadow-hover w-100\"><img class=\"flex-fill img-cover\" title=\"Minist\u00e9rio da Sa\u00fade\/Divulga\u00e7\u00e3o\" src=\"https:\/\/imagens.ebc.com.br\/8PI5sd7Gptc5VRLiWKGqLm-RviQ=\/754x0\/smart\/https:\/\/agenciabrasil.ebc.com.br\/sites\/default\/files\/thumbnails\/image\/whatsapp_image_2022-11-17_at_19.21.32.jpeg?itok=j5U4_ubh\" alt=\"Boletim di\u00e1rio de casos de covid do Minist\u00e9rio da Sa\u00fade\" data-pin-no-hover=\"true\" \/><\/div>\n<\/div>\n<div class=\"dnd-caption-wrapper\">\n<div class=\"meta\">Boletim di\u00e1rio de casos de covid do Minist\u00e9rio da Sa\u00fade \u2013\u00a0<strong>Minist\u00e9rio da Sa\u00fade\/Divulga\u00e7\u00e3o<\/strong><\/div>\n<\/div>\n<\/div>\n<h2>Vacina\u00e7\u00e3o<\/h2>\n<p>At\u00e9 hoje, foram aplicadas 490,2 milh\u00f5es de doses de vacinas contra a covid-19 no pa\u00eds, sendo 180,6 milh\u00f5es com a primeira dose e 163 milh\u00f5es com a segunda.<\/p>\n<p>A dose \u00fanica foi aplicada em mais de 5 milh\u00f5es de pessoas.<\/p>\n","protected":false},"excerpt":{"rendered":"<p>OBrasil registrou, em 24 horas, 32.970 casos de covid-19 e mais 71 mortes em consequ\u00eancia da doen\u00e7a. Segundo o boletim epidemiol\u00f3gico divulgado pelo Minist\u00e9rio da Sa\u00fade, desde o in\u00edcio da pandemia, foram confirmados 34.9371.043 casos de covid-19 no pa\u00eds e 688.764 mortes pela doen\u00e7a.<\/p>\n","protected":false},"author":3,"featured_media":1527,"comment_status":"closed","ping_status":"closed","sticky":false,"template":"","format":"standard","meta":{"_links_to":"","_links_to_target":""},"categories":[1],"tags":[],"_links":{"self":[{"href":"https:\/\/www.correiodascidades.com.br\/v1\/wp-json\/wp\/v2\/posts\/1526"}],"collection":[{"href":"https:\/\/www.correiodascidades.com.br\/v1\/wp-json\/wp\/v2\/posts"}],"about":[{"href":"https:\/\/www.correiodascidades.com.br\/v1\/wp-json\/wp\/v2\/types\/post"}],"author":[{"embeddable":true,"href":"https:\/\/www.correiodascidades.com.br\/v1\/wp-json\/wp\/v2\/users\/3"}],"replies":[{"embeddable":true,"href":"https:\/\/www.correiodascidades.com.br\/v1\/wp-json\/wp\/v2\/comments?post=1526"}],"version-history":[{"count":1,"href":"https:\/\/www.correiodascidades.com.br\/v1\/wp-json\/wp\/v2\/posts\/1526\/revisions"}],"predecessor-version":[{"id":1528,"href":"https:\/\/www.correiodascidades.com.br\/v1\/wp-json\/wp\/v2\/posts\/1526\/revisions\/1528"}],"wp:featuredmedia":[{"embeddable":true,"href":"https:\/\/www.correiodascidades.com.br\/v1\/wp-json\/wp\/v2\/media\/1527"}],"wp:attachment":[{"href":"https:\/\/www.correiodascidades.com.br\/v1\/wp-json\/wp\/v2\/media?parent=1526"}],"wp:term":[{"taxonomy":"category","embeddable":true,"href":"https:\/\/www.correiodascidades.com.br\/v1\/wp-json\/wp\/v2\/categories?post=1526"},{"taxonomy":"post_tag","embeddable":true,"href":"https:\/\/www.correiodascidades.com.br\/v1\/wp-json\/wp\/v2\/tags?post=1526"}],"curies":[{"name":"wp","href":"https:\/\/api.w.org\/{rel}","templated":true}]}}