{"id":1533,"date":"2022-11-18T10:43:48","date_gmt":"2022-11-18T13:43:48","guid":{"rendered":"https:\/\/www.correiodascidades.com.br\/v1\/?p=1533"},"modified":"2022-11-18T10:43:48","modified_gmt":"2022-11-18T13:43:48","slug":"2o-seminario-recicla-itabuna-apresenta-resultados-do-primeiro-ano-do-programa","status":"publish","type":"post","link":"https:\/\/www.correiodascidades.com.br\/v1\/2022\/11\/18\/2o-seminario-recicla-itabuna-apresenta-resultados-do-primeiro-ano-do-programa\/","title":{"rendered":"2\u00ba Semin\u00e1rio Recicla Itabuna apresenta resultados do primeiro ano do programa"},"content":{"rendered":"<p><img loading=\"lazy\" class=\"alignnone size-full wp-image-1534\" src=\"https:\/\/www.correiodascidades.com.br\/v1\/wp-content\/uploads\/2022\/11\/seminario-e1668778922135.jpeg\" alt=\"\" width=\"400\" height=\"267\" \/><\/p>\n<p>A Prefeitura de Itabuna reuniu nesta quinta-feira, dia 17, no audit\u00f3rio do SEST\/SENAT, agentes ambientais que integram a Associa\u00e7\u00e3o dos Catadores de Materiais Recicl\u00e1veis de Itabuna (AACRI) e representantes de \u00f3rg\u00e3os, entidades e institui\u00e7\u00f5es que apoiam a\u00e7\u00f5es de educa\u00e7\u00e3o ambiental para abertura oficial do 2\u00ba Semin\u00e1rio Recicla Itabuna. <!--more--><\/p>\n<p>No encontro,\u00a0 est\u00e3o sendo apresentados os resultados das a\u00e7\u00f5es executadas ao longo deste primeiro ano do Programa Recicla Itabuna e tra\u00e7adas novas metas de trabalho para o segundo ano sob a coordena\u00e7\u00e3o da Secretaria Municipal de Planejamento (SEPLAN) e com o envolvimento das demais secretarias e \u00f3rg\u00e3os municipais.<\/p>\n<p>A secret\u00e1ria de Planejamento, S\u00f4nia Fontes, ressaltou a import\u00e2ncia desta segunda edi\u00e7\u00e3o do Semin\u00e1rio, frisando que passado o primeiro ano do Programa, o sentimento \u00e9 de vit\u00f3ria. \u201cN\u00e3o foi f\u00e1cil como se imagina. Conseguimos quebrar um paradigma de tantos anos que foi o fechamento do lix\u00e3o, uma vergonha para a nossa cidade. Al\u00e9m disso, conseguimos priorizar no come\u00e7o da gest\u00e3o com a implanta\u00e7\u00e3o do Sistema de Gerenciamento de Res\u00edduos S\u00f3lidos\u201d, comentou.<\/p>\n<p>Desde maio do ano passado que os res\u00edduos s\u00f3lidos do munic\u00edpio s\u00e3o descartados no aterro certificado sob a responsabilidade da CVR Costa do Cacau. Esta iniciativa da Prefeitura de Itabuna extinguiu o antigo lix\u00e3o que funcionou por cerca de 40 anos com todas as consequ\u00eancias advindas, inclusive sendo vetor de doen\u00e7as e de contamina\u00e7\u00e3o ambiental. Com o Programa Recicla Itabuna se abriram oportunidades de gera\u00e7\u00e3o de emprego e renda para os antigos catadores do lix\u00e3o.<\/p>\n","protected":false},"excerpt":{"rendered":"<p>A Prefeitura de Itabuna reuniu nesta quinta-feira, dia 17, no audit\u00f3rio do SEST\/SENAT, agentes ambientais que integram a Associa\u00e7\u00e3o dos Catadores de Materiais Recicl\u00e1veis de Itabuna (AACRI) e representantes de \u00f3rg\u00e3os, entidades e institui\u00e7\u00f5es que apoiam a\u00e7\u00f5es de educa\u00e7\u00e3o ambiental para abertura oficial do 2\u00ba Semin\u00e1rio Recicla Itabuna.<\/p>\n","protected":false},"author":3,"featured_media":1534,"comment_status":"closed","ping_status":"closed","sticky":false,"template":"","format":"standard","meta":{"_links_to":"","_links_to_target":""},"categories":[2],"tags":[],"_links":{"self":[{"href":"https:\/\/www.correiodascidades.com.br\/v1\/wp-json\/wp\/v2\/posts\/1533"}],"collection":[{"href":"https:\/\/www.correiodascidades.com.br\/v1\/wp-json\/wp\/v2\/posts"}],"about":[{"href":"https:\/\/www.correiodascidades.com.br\/v1\/wp-json\/wp\/v2\/types\/post"}],"author":[{"embeddable":true,"href":"https:\/\/www.correiodascidades.com.br\/v1\/wp-json\/wp\/v2\/users\/3"}],"replies":[{"embeddable":true,"href":"https:\/\/www.correiodascidades.com.br\/v1\/wp-json\/wp\/v2\/comments?post=1533"}],"version-history":[{"count":1,"href":"https:\/\/www.correiodascidades.com.br\/v1\/wp-json\/wp\/v2\/posts\/1533\/revisions"}],"predecessor-version":[{"id":1535,"href":"https:\/\/www.correiodascidades.com.br\/v1\/wp-json\/wp\/v2\/posts\/1533\/revisions\/1535"}],"wp:featuredmedia":[{"embeddable":true,"href":"https:\/\/www.correiodascidades.com.br\/v1\/wp-json\/wp\/v2\/media\/1534"}],"wp:attachment":[{"href":"https:\/\/www.correiodascidades.com.br\/v1\/wp-json\/wp\/v2\/media?parent=1533"}],"wp:term":[{"taxonomy":"category","embeddable":true,"href":"https:\/\/www.correiodascidades.com.br\/v1\/wp-json\/wp\/v2\/categories?post=1533"},{"taxonomy":"post_tag","embeddable":true,"href":"https:\/\/www.correiodascidades.com.br\/v1\/wp-json\/wp\/v2\/tags?post=1533"}],"curies":[{"name":"wp","href":"https:\/\/api.w.org\/{rel}","templated":true}]}}