{"id":1538,"date":"2022-11-18T11:14:23","date_gmt":"2022-11-18T14:14:23","guid":{"rendered":"https:\/\/www.correiodascidades.com.br\/v1\/?p=1538"},"modified":"2022-11-18T11:14:23","modified_gmt":"2022-11-18T14:14:23","slug":"ba-carlinhos-da-amex-e-indicado-para-compor-equipe-de-transicao-de-lula","status":"publish","type":"post","link":"https:\/\/www.correiodascidades.com.br\/v1\/2022\/11\/18\/ba-carlinhos-da-amex-e-indicado-para-compor-equipe-de-transicao-de-lula\/","title":{"rendered":"BA: Carlinhos da Amex \u00e9 indicado para compor equipe de transi\u00e7\u00e3o de Lula"},"content":{"rendered":"<div id=\"attachment_847\" style=\"width: 617px\" class=\"wp-caption alignnone\"><img aria-describedby=\"caption-attachment-847\" loading=\"lazy\" class=\"wp-image-847\" src=\"https:\/\/www.valadaresnoticias.com.br\/v1\/wp-content\/uploads\/2022\/11\/PREMIO-CARLINHOS-2.jpg\" alt=\"\" width=\"607\" height=\"311\" \/><p id=\"caption-attachment-847\" class=\"wp-caption-text\"><strong>Na foto ao lado de S\u00f4nia Guajajara, Carlinhos da Amex, recebeu um Pr\u00eamio Internacional Pela conserva\u00e7\u00e3o da Natureza. Foto: Arquivo\/Walney Magno.<\/strong><\/p><\/div>\n<h3>O Extrativista baiano ficar\u00e1 no grupo t\u00e9cnico da Pesca do gabinete de transi\u00e7\u00e3o do presidente Lula.<\/h3>\n<div class=\"entry-meta flex space-between align-center wrap-on-mobile\">\n<div class=\"entry-content\">\n<p>O presidente do Conselho Nacional dos Povos e Comunidades Tradicionais, <strong>Carlos Alberto Pinto dos Santos (Carlinhos da Amex),<\/strong> foi indicado para compor a equipe de transi\u00e7\u00e3o do governo do presidente eleito Lula.<\/p>\n<p>O baiano de Canavieiras ficar\u00e1 no grupo t\u00e9cnico de <strong>Pesca<\/strong>. Carlinhos da Amex, tamb\u00e9m est\u00e1 secret\u00e1rio-executivo da Comiss\u00e3o Nacional de Fortalecimento das Reservas Extrativistas e Povos Tradicionais Costeiros e Marinhos, e j\u00e1 recebeu Pr\u00eamio Internacional Pela Conserva\u00e7\u00e3o da Natureza.<\/p>\n<p>Os outros nomes do grupo de trabalho da Pesca s\u00e3o:<\/p>\n<\/div>\n<\/div>\n<p><!--more--><\/p>\n<div dir=\"auto\">Altemir Gregolin, ex-ministro da Pesca e Aquicultura;<\/div>\n<div dir=\"auto\">\u00a0 \u00a0 Ant\u00f4nia do Socorro Pena da Gama, professora da Ufopa em Santar\u00e9m (PA) e doutora em Educa\u00e7\u00e3o;<\/div>\n<div dir=\"auto\">\u00a0 \u00a0 Carlos Alberto da Silva Le\u00e3o, ex-superintendente de Pesca e Aquicultura no Par\u00e1;<\/div>\n<div dir=\"auto\">\u00a0 \u00a0 Cristiano Wellington Norberto Ramalho, professor de sociologia da Universidade Federal de Pernambuco (UFPE);<\/div>\n<div dir=\"auto\">\u00a0 \u00a0 Ederson Pinto da Silva, ex-diretor geral do departamento de Pesca, Aquicultura, Quilombolas e Unidades Ind\u00edgenas da Secretaria do Desenvolvimento Rural, Pesca e Cooperativismo do Rio Grande do Sul;<\/div>\n<div dir=\"auto\">\u00a0 \u00a0 Fl\u00e1via Lucena Fr\u00e9dou, professora titular da Universidade Federal Rural de Pernambuco (UFRPE), p\u00f3s-doutora em Ci\u00eancias da Pesca e da Aquicultura pelo Instituto de Pesquisa e Desenvolvimento da Fran\u00e7a;<\/div>\n<div dir=\"auto\">\u00a0 \u00a0 Joao Felipe Nogueira Matias, engenheiro de pesca, doutor em Biotecnologia dos Recursos Pesqueiros e ex-secret\u00e1rio de Planejamento e Ordenamento da Aquicultura do Minist\u00e9rio da Pesca.<\/div>\n<div dir=\"auto\">A informa\u00e7\u00e3o foi em portaria publicada em di\u00e1rio oficial pelo vice-presidente eleito, Geraldo Alkimin.<\/div>\n<div dir=\"auto\"><\/div>\n<div dir=\"auto\">\n<div id=\"attachment_13399\" style=\"width: 553px\" class=\"wp-caption alignnone\"><a href=\"http:\/\/www.povosindigenas.blog.br\/v1\/2022\/11\/18\/ba-carlinhos-da-amex-e-indicado-para-compor-equipe-de-transicao-de-lula\/carlinhos-falando-audiencia-filmando-2\/\" rel=\"attachment wp-att-13399\"><img aria-describedby=\"caption-attachment-13399\" loading=\"lazy\" class=\"wp-image-13399\" src=\"http:\/\/www.povosindigenas.blog.br\/v1\/wp-content\/uploads\/2022\/11\/CARLINHOS-FALANDO-AUDIENCIA-filmando.jpg\" alt=\"\" width=\"543\" height=\"252\" \/><\/a><p id=\"caption-attachment-13399\" class=\"wp-caption-text\">Carlinhos da Amex realiza grandes a\u00e7\u00f5es em defesa da natureza.<\/p><\/div>\n<\/div>\n<div class=\"entry-meta flex space-between align-center wrap-on-mobile\">\n<div class=\"entry-content\">\n<p>Vale lembrar que outros baianos j\u00e1 foram indicados para a transi\u00e7\u00e3o. Entre eles est\u00e3o Fl\u00e1vio Silva Gon\u00e7alves, para a Comunica\u00e7\u00e3o Social; Margareth Menezes, Cultural; C\u00e9lia Watanab, e Elis\u00e2ngela Ara\u00fajo, para o Desenvolvimento Agr\u00e1rio, dentre outros importantes nomes no estado.<\/p>\n<h2 class=\"PostHeaderIcon-wrapper\"><span class=\"PostHeader\"><a title=\"Permanent Link to BA: Carlinhos da Amex \u00e9 indicado para compor equipe de transi\u00e7\u00e3o de Lula\" href=\"http:\/\/www.povosindigenas.blog.br\/v1\/2022\/11\/18\/ba-carlinhos-da-amex-e-indicado-para-compor-equipe-de-transicao-de-lula\/\" rel=\"bookmark\">Fonte: Blog Povos ind\u00edgenas <\/a><\/span><\/h2>\n<\/div>\n<\/div>\n","protected":false},"excerpt":{"rendered":"<p>O Extrativista baiano ficar\u00e1 no grupo t\u00e9cnico da Pesca do gabinete de transi\u00e7\u00e3o do presidente Lula. O presidente do Conselho Nacional dos Povos e Comunidades Tradicionais, Carlos Alberto Pinto dos Santos (Carlinhos da Amex), foi indicado para compor a equipe de transi\u00e7\u00e3o do governo do presidente eleito Lula. O baiano de Canavieiras ficar\u00e1 no grupo [&hellip;]<\/p>\n","protected":false},"author":3,"featured_media":1539,"comment_status":"closed","ping_status":"closed","sticky":false,"template":"","format":"standard","meta":{"_links_to":"","_links_to_target":""},"categories":[5],"tags":[],"_links":{"self":[{"href":"https:\/\/www.correiodascidades.com.br\/v1\/wp-json\/wp\/v2\/posts\/1538"}],"collection":[{"href":"https:\/\/www.correiodascidades.com.br\/v1\/wp-json\/wp\/v2\/posts"}],"about":[{"href":"https:\/\/www.correiodascidades.com.br\/v1\/wp-json\/wp\/v2\/types\/post"}],"author":[{"embeddable":true,"href":"https:\/\/www.correiodascidades.com.br\/v1\/wp-json\/wp\/v2\/users\/3"}],"replies":[{"embeddable":true,"href":"https:\/\/www.correiodascidades.com.br\/v1\/wp-json\/wp\/v2\/comments?post=1538"}],"version-history":[{"count":1,"href":"https:\/\/www.correiodascidades.com.br\/v1\/wp-json\/wp\/v2\/posts\/1538\/revisions"}],"predecessor-version":[{"id":1540,"href":"https:\/\/www.correiodascidades.com.br\/v1\/wp-json\/wp\/v2\/posts\/1538\/revisions\/1540"}],"wp:featuredmedia":[{"embeddable":true,"href":"https:\/\/www.correiodascidades.com.br\/v1\/wp-json\/wp\/v2\/media\/1539"}],"wp:attachment":[{"href":"https:\/\/www.correiodascidades.com.br\/v1\/wp-json\/wp\/v2\/media?parent=1538"}],"wp:term":[{"taxonomy":"category","embeddable":true,"href":"https:\/\/www.correiodascidades.com.br\/v1\/wp-json\/wp\/v2\/categories?post=1538"},{"taxonomy":"post_tag","embeddable":true,"href":"https:\/\/www.correiodascidades.com.br\/v1\/wp-json\/wp\/v2\/tags?post=1538"}],"curies":[{"name":"wp","href":"https:\/\/api.w.org\/{rel}","templated":true}]}}