{"id":1541,"date":"2022-11-18T11:24:51","date_gmt":"2022-11-18T14:24:51","guid":{"rendered":"https:\/\/www.correiodascidades.com.br\/v1\/?p=1541"},"modified":"2022-11-18T11:24:51","modified_gmt":"2022-11-18T14:24:51","slug":"ilheus-secretaria-de-cultura-da-cidade-faz-teste-geral-para-reinauguracao-do-teatro-municipal","status":"publish","type":"post","link":"https:\/\/www.correiodascidades.com.br\/v1\/2022\/11\/18\/ilheus-secretaria-de-cultura-da-cidade-faz-teste-geral-para-reinauguracao-do-teatro-municipal\/","title":{"rendered":"ILH\u00c9US: Secretaria de Cultura da cidade faz teste geral para reinaugura\u00e7\u00e3o do Teatro Municipal"},"content":{"rendered":"<p><img loading=\"lazy\" class=\"\" src=\"https:\/\/www.correiodascidades.com.br\/v1\/wp-content\/uploads\/2022\/11\/teatro.jpg\" width=\"604\" height=\"338\" \/><\/p>\n<p>&nbsp;<\/p>\n<p>A Secretaria Especial de Cultura (Secult) realizou na \u00faltima ter\u00e7a-feira (15) um teste geral para verificar as necessidades e corre\u00e7\u00f5es na estrutura do Teatro Municipal de Ilh\u00e9us (TMI) antes da reinaugura\u00e7\u00e3o do espa\u00e7o. <!--more--> Na oportunidade foram exibidas duas apresenta\u00e7\u00f5es de dan\u00e7a, reunindo p\u00fablico estimado em 500 pessoas.<\/p>\n<p>A checagem do sistema el\u00e9trico integra os \u00faltimos preparativos e visa garantir mais conforto e seguran\u00e7a aos trabalhadores e amantes da arte e da cultura. O TMI passou por reparos que englobam tratamento de fissuras, retirada do reboco danificado, tratamento com oxidante nas armaduras e fechamento com concreto de alta resist\u00eancia.<\/p>\n<p>As melhorias consistem ainda na reforma da subesta\u00e7\u00e3o el\u00e9trica, substitui\u00e7\u00e3o de 120 metros de telhado e recupera\u00e7\u00e3o da fachada, com pintura, higieniza\u00e7\u00e3o\u00a0 e dedetiza\u00e7\u00e3o, implanta\u00e7\u00e3o de ar-condicionado provis\u00f3rio e recupera\u00e7\u00e3o do ar-condicionado central.<span id=\"more-64084\"><\/span><\/p>\n<div class=\"vdlgc637793d6859b4\"><ins class=\"adsbygoogle\" data-ad-client=\"ca-pub-5309482476529403\" data-ad-slot=\"5269901417\" data-ad-format=\"auto\" data-full-width-responsive=\"true\" data-adsbygoogle-status=\"done\" data-ad-status=\"filled\"><\/p>\n<div id=\"aswift_3_host\" tabindex=\"0\" title=\"Advertisement\" aria-label=\"Advertisement\">\u201cA reforma do Teatro Municipal representa mais uma conquista para a cidade e o prefeito M\u00e1rio Alexandre compreende a import\u00e2ncia da preserva\u00e7\u00e3o desse equipamento, que sem d\u00favida promove bem-estar e leva cultura e entretenimento aos visitantes e \u00e0 popula\u00e7\u00e3o local\u201d, ressaltou Magela.<\/div>\n<p><\/ins><\/div>\n<p>O Teatro Municipal de Ilh\u00e9us, originalmente chamado Cine-Teatro Ilh\u00e9us, foi constru\u00eddo na d\u00e9cada de 30 e nos \u00faltimos anos recebeu diversas melhorias em sua estrutura, com vistas \u00e0 moderniza\u00e7\u00e3o e preserva\u00e7\u00e3o do ambiente.<\/p>\n<div class=\"addtoany_share_save_container addtoany_content addtoany_content_bottom\">\n<div class=\"a2a_kit a2a_kit_size_20 addtoany_list\" data-a2a-url=\"https:\/\/www.ilheus.net\/2022\/11\/secult-faz-teste-geral-para-reinauguracao-do-teatro-municipal-de-ilheus.html\" data-a2a-title=\"Secult faz teste geral para reinaugura\u00e7\u00e3o do Teatro Municipal de Ilh\u00e9us\"><\/div>\n<\/div>\n","protected":false},"excerpt":{"rendered":"<p>&nbsp; A Secretaria Especial de Cultura (Secult) realizou na \u00faltima ter\u00e7a-feira (15) um teste geral para verificar as necessidades e corre\u00e7\u00f5es na estrutura do Teatro Municipal de Ilh\u00e9us (TMI) antes da reinaugura\u00e7\u00e3o do espa\u00e7o.<\/p>\n","protected":false},"author":3,"featured_media":1542,"comment_status":"closed","ping_status":"closed","sticky":false,"template":"","format":"standard","meta":{"_links_to":"","_links_to_target":""},"categories":[2],"tags":[],"_links":{"self":[{"href":"https:\/\/www.correiodascidades.com.br\/v1\/wp-json\/wp\/v2\/posts\/1541"}],"collection":[{"href":"https:\/\/www.correiodascidades.com.br\/v1\/wp-json\/wp\/v2\/posts"}],"about":[{"href":"https:\/\/www.correiodascidades.com.br\/v1\/wp-json\/wp\/v2\/types\/post"}],"author":[{"embeddable":true,"href":"https:\/\/www.correiodascidades.com.br\/v1\/wp-json\/wp\/v2\/users\/3"}],"replies":[{"embeddable":true,"href":"https:\/\/www.correiodascidades.com.br\/v1\/wp-json\/wp\/v2\/comments?post=1541"}],"version-history":[{"count":1,"href":"https:\/\/www.correiodascidades.com.br\/v1\/wp-json\/wp\/v2\/posts\/1541\/revisions"}],"predecessor-version":[{"id":1543,"href":"https:\/\/www.correiodascidades.com.br\/v1\/wp-json\/wp\/v2\/posts\/1541\/revisions\/1543"}],"wp:featuredmedia":[{"embeddable":true,"href":"https:\/\/www.correiodascidades.com.br\/v1\/wp-json\/wp\/v2\/media\/1542"}],"wp:attachment":[{"href":"https:\/\/www.correiodascidades.com.br\/v1\/wp-json\/wp\/v2\/media?parent=1541"}],"wp:term":[{"taxonomy":"category","embeddable":true,"href":"https:\/\/www.correiodascidades.com.br\/v1\/wp-json\/wp\/v2\/categories?post=1541"},{"taxonomy":"post_tag","embeddable":true,"href":"https:\/\/www.correiodascidades.com.br\/v1\/wp-json\/wp\/v2\/tags?post=1541"}],"curies":[{"name":"wp","href":"https:\/\/api.w.org\/{rel}","templated":true}]}}