{"id":1551,"date":"2022-11-19T11:10:43","date_gmt":"2022-11-19T14:10:43","guid":{"rendered":"https:\/\/www.correiodascidades.com.br\/v1\/?p=1551"},"modified":"2022-11-19T11:11:02","modified_gmt":"2022-11-19T14:11:02","slug":"pt-quer-torrar-o-triplo-de-bolsonaro-fora-do-teto","status":"publish","type":"post","link":"https:\/\/www.correiodascidades.com.br\/v1\/2022\/11\/19\/pt-quer-torrar-o-triplo-de-bolsonaro-fora-do-teto\/","title":{"rendered":"PT quer torrar o triplo de Bolsonaro fora do teto"},"content":{"rendered":"<p>&nbsp;<\/p>\n<p><img loading=\"lazy\" class=\"\" src=\"https:\/\/www.correiodascidades.com.br\/v1\/wp-content\/uploads\/2022\/11\/lula.bolsonaro.band_.debate-e1668866924497.jpg\" width=\"602\" height=\"373\" \/><\/p>\n<p>Lula quer R$198 bilh\u00f5es e Bolsonaro gastou R$53,6 bilh\u00f5es no primeiro ano com autoriza\u00e7\u00e3o do Congresso eleito, n\u00e3o o que estava de sa\u00edda.. Foto: reprodu\u00e7\u00e3o\/Band\/Via Di\u00e1rio do Poder. <span class=\"dropcap \">A<\/span>PEC fura-teto que o PT articula aprovar antes do in\u00edcio do governo Lula, em manobra sem precedentes, equivale a cheque em branco de R$198 bilh\u00f5es, mais que o triplo dos gastos do presidente Jair Bolsonaro no primeiro ano de mandato, mas sem essa liberalidade pr\u00e9via. <!--more-->Segundo estudo da FGV, gastos fora do teto em 2019 somaram R$53,6 bilh\u00f5es com autoriza\u00e7\u00e3o do Congresso eleito e n\u00e3o do que estava de sa\u00edda.<\/p>\n<div class=\"notas\">\n<div id=\"Nota-2\" class=\"entry-block ch-nota Nota-2\">\n<h3>PT insaci\u00e1vel<\/h3>\n<\/div>\n<p>Dados do pesquisador Br\u00e1ulio Borges mostram que 2022, sob efeito da pandemia, foram R$116,2 bilh\u00f5es, quase metade do que o PT busca.<\/p>\n<div id=\"Nota-3\" class=\"entry-block ch-nota Nota-3\">\n<h3>Meia pandemia<\/h3>\n<\/div>\n<p>A farra petista fica atr\u00e1s apenas de 2020, quando a pandemia estourou e a PEC do Or\u00e7amento de Guerra liberou gastos de R$507,9 bilh\u00f5es.<\/p>\n<div id=\"Nota-4\" class=\"entry-block ch-nota Nota-4\">\n<h3>Malandragem<\/h3>\n<\/div>\n<p>O proposto pelo governo atual \u00e9 de Aux\u00edlio Brasil de R$400 dentro do Or\u00e7amento, mas o PT quer isso e o adicional de R$200 fora do teto.<\/p>\n<div id=\"Nota-5\" class=\"entry-block ch-nota Nota-5\">\n<h3>Solu\u00e7\u00e3o final<\/h3>\n<\/div>\n<p>A estrat\u00e9gia do presidente eleito, experiente nas artes e manhas das rela\u00e7\u00f5es com o Congresso, \u00e9 usar a PEC para eliminar o teto de gastos.<\/p>\n<\/div>\n","protected":false},"excerpt":{"rendered":"<p>&nbsp; Lula quer R$198 bilh\u00f5es e Bolsonaro gastou R$53,6 bilh\u00f5es no primeiro ano com autoriza\u00e7\u00e3o do Congresso eleito, n\u00e3o o que estava de sa\u00edda.. Foto: reprodu\u00e7\u00e3o\/Band\/Via Di\u00e1rio do Poder. APEC fura-teto que o PT articula aprovar antes do in\u00edcio do governo Lula, em manobra sem precedentes, equivale a cheque em branco de R$198 bilh\u00f5es, mais [&hellip;]<\/p>\n","protected":false},"author":3,"featured_media":1552,"comment_status":"closed","ping_status":"closed","sticky":false,"template":"","format":"standard","meta":{"_links_to":"","_links_to_target":""},"categories":[2],"tags":[],"_links":{"self":[{"href":"https:\/\/www.correiodascidades.com.br\/v1\/wp-json\/wp\/v2\/posts\/1551"}],"collection":[{"href":"https:\/\/www.correiodascidades.com.br\/v1\/wp-json\/wp\/v2\/posts"}],"about":[{"href":"https:\/\/www.correiodascidades.com.br\/v1\/wp-json\/wp\/v2\/types\/post"}],"author":[{"embeddable":true,"href":"https:\/\/www.correiodascidades.com.br\/v1\/wp-json\/wp\/v2\/users\/3"}],"replies":[{"embeddable":true,"href":"https:\/\/www.correiodascidades.com.br\/v1\/wp-json\/wp\/v2\/comments?post=1551"}],"version-history":[{"count":1,"href":"https:\/\/www.correiodascidades.com.br\/v1\/wp-json\/wp\/v2\/posts\/1551\/revisions"}],"predecessor-version":[{"id":1553,"href":"https:\/\/www.correiodascidades.com.br\/v1\/wp-json\/wp\/v2\/posts\/1551\/revisions\/1553"}],"wp:featuredmedia":[{"embeddable":true,"href":"https:\/\/www.correiodascidades.com.br\/v1\/wp-json\/wp\/v2\/media\/1552"}],"wp:attachment":[{"href":"https:\/\/www.correiodascidades.com.br\/v1\/wp-json\/wp\/v2\/media?parent=1551"}],"wp:term":[{"taxonomy":"category","embeddable":true,"href":"https:\/\/www.correiodascidades.com.br\/v1\/wp-json\/wp\/v2\/categories?post=1551"},{"taxonomy":"post_tag","embeddable":true,"href":"https:\/\/www.correiodascidades.com.br\/v1\/wp-json\/wp\/v2\/tags?post=1551"}],"curies":[{"name":"wp","href":"https:\/\/api.w.org\/{rel}","templated":true}]}}