{"id":1568,"date":"2022-11-20T03:26:00","date_gmt":"2022-11-20T06:26:00","guid":{"rendered":"https:\/\/www.correiodascidades.com.br\/v1\/?p=1568"},"modified":"2022-11-20T03:26:00","modified_gmt":"2022-11-20T06:26:00","slug":"brumado-homem-passa-com-trator-em-cima-de-carro-apos-discussao","status":"publish","type":"post","link":"https:\/\/www.correiodascidades.com.br\/v1\/2022\/11\/20\/brumado-homem-passa-com-trator-em-cima-de-carro-apos-discussao\/","title":{"rendered":"Brumado: Homem passa com trator em cima de carro ap\u00f3s discuss\u00e3o"},"content":{"rendered":"<p><img loading=\"lazy\" class=\"\" src=\"https:\/\/www.correiodascidades.com.br\/v1\/wp-content\/uploads\/2022\/11\/IMAGEM_NOTICIA_5-1-e1668925482397.jpeg\" width=\"602\" height=\"383\" \/><\/p>\n<p>No Distrito de Itaquara\u00ed, zona rural de Brumado, uma briga entre vizinhos quase terminou em trag\u00e9dia. Tudo come\u00e7ou com uma discuss\u00e3o entre um popular e um comerciante, que chegaram as vias de fato.<!--more-->Pessoas pr\u00f3ximas separaram os dois, por\u00e9m, em seguida, o comerciante pegou um trator que estava estacionado na porta do seu estabelecimento e derrubou diversas \u00e1rvores na regi\u00e3o. Depois, ele subiu com o trator em cima do ve\u00edculo do homem com quem havia discutido.<\/p>\n<p>O carro ficou bastante danificado. O dono do ve\u00edculo compareceu \u00e0 Delegacia de Brumado e prestou uma queixa. O caso est\u00e1 sendo investigado.<\/p>\n<p><em>Achei Sudoeste\u00a0<\/em><\/p>\n","protected":false},"excerpt":{"rendered":"<p>No Distrito de Itaquara\u00ed, zona rural de Brumado, uma briga entre vizinhos quase terminou em trag\u00e9dia. Tudo come\u00e7ou com uma discuss\u00e3o entre um popular e um comerciante, que chegaram as vias de fato.<\/p>\n","protected":false},"author":3,"featured_media":1569,"comment_status":"closed","ping_status":"closed","sticky":false,"template":"","format":"standard","meta":{"_links_to":"","_links_to_target":""},"categories":[2],"tags":[],"_links":{"self":[{"href":"https:\/\/www.correiodascidades.com.br\/v1\/wp-json\/wp\/v2\/posts\/1568"}],"collection":[{"href":"https:\/\/www.correiodascidades.com.br\/v1\/wp-json\/wp\/v2\/posts"}],"about":[{"href":"https:\/\/www.correiodascidades.com.br\/v1\/wp-json\/wp\/v2\/types\/post"}],"author":[{"embeddable":true,"href":"https:\/\/www.correiodascidades.com.br\/v1\/wp-json\/wp\/v2\/users\/3"}],"replies":[{"embeddable":true,"href":"https:\/\/www.correiodascidades.com.br\/v1\/wp-json\/wp\/v2\/comments?post=1568"}],"version-history":[{"count":1,"href":"https:\/\/www.correiodascidades.com.br\/v1\/wp-json\/wp\/v2\/posts\/1568\/revisions"}],"predecessor-version":[{"id":1570,"href":"https:\/\/www.correiodascidades.com.br\/v1\/wp-json\/wp\/v2\/posts\/1568\/revisions\/1570"}],"wp:featuredmedia":[{"embeddable":true,"href":"https:\/\/www.correiodascidades.com.br\/v1\/wp-json\/wp\/v2\/media\/1569"}],"wp:attachment":[{"href":"https:\/\/www.correiodascidades.com.br\/v1\/wp-json\/wp\/v2\/media?parent=1568"}],"wp:term":[{"taxonomy":"category","embeddable":true,"href":"https:\/\/www.correiodascidades.com.br\/v1\/wp-json\/wp\/v2\/categories?post=1568"},{"taxonomy":"post_tag","embeddable":true,"href":"https:\/\/www.correiodascidades.com.br\/v1\/wp-json\/wp\/v2\/tags?post=1568"}],"curies":[{"name":"wp","href":"https:\/\/api.w.org\/{rel}","templated":true}]}}