{"id":1576,"date":"2022-11-21T00:15:11","date_gmt":"2022-11-21T03:15:11","guid":{"rendered":"https:\/\/www.correiodascidades.com.br\/v1\/?p=1576"},"modified":"2022-11-21T00:15:11","modified_gmt":"2022-11-21T03:15:11","slug":"baiano-com-seis-dedos-pretende-comemorar-hexa-da-selecao-com-uma-mao-so-fico-ansioso","status":"publish","type":"post","link":"https:\/\/www.correiodascidades.com.br\/v1\/2022\/11\/21\/baiano-com-seis-dedos-pretende-comemorar-hexa-da-selecao-com-uma-mao-so-fico-ansioso\/","title":{"rendered":"Baiano com seis dedos pretende comemorar hexa da sele\u00e7\u00e3o com uma m\u00e3o s\u00f3: \u2018fico ansioso\u2019"},"content":{"rendered":"<p><img src=\"https:\/\/i0.wp.com\/midiabahia.com.br\/wp-content\/uploads\/2022\/11\/BAIANO-SEIS-DEDOS.jpg?resize=596%2C280&amp;ssl=1\" \/><\/p>\n<p>\u00c9poca de Copa do Mundo e um dos sinais que os brasileiros mais fazem para representar o t\u00e3o sonhado hexacampeonato \u00e9 o n\u00famero seis, utilizando as duas m\u00e3os. J\u00e1 o baiano Josevaldo de Almeida Thom\u00e9, de 45 anos, se diz privilegiado por conseguir fazer o gesto com apenas uma m\u00e3o. <!--more--><\/p>\n<p>Polegar, indicador, dedo m\u00e9dio, anular, dedo m\u00ednimo e \u201caparecido\u201d. Por mais estranho que pare\u00e7a, h\u00e1 um dedo a mais em cada m\u00e3o de Josevaldo Thom\u00e9, morador de Concei\u00e7\u00e3o do Coit\u00e9, a cerca de 200 km de Salvador.<\/p>\n<blockquote class=\"wp-block-quote\"><p><em>\u201cTodos que me conhecem e sabem que tenho seis dedos em cada m\u00e3o me chamam de hexa\u201d, disse ao\u00a0g1.<\/em><\/p>\n<p><em>Josevaldo trabalha como t\u00e9cnico de manuten\u00e7\u00e3o e equipamentos odontol\u00f3gicos e hospitalares. o futebol n\u00e3o \u00e9 um esporte que ele acompanha durante todo o ano, mas, em \u00e9poca de copa, ele garante que vira \u201cf\u00e3 de carteirinha\u201d da sele\u00e7\u00e3o.<\/em><\/p>\n<p><em>\u201cSempre que tem uma copa eu fico ansioso. a expectativa \u00e9 de poder fazer o hexa usando uma m\u00e3o s\u00f3 com o t\u00edtulo conquistado\u201d, brincou.<\/em><\/p>\n<p>&nbsp;<\/p><\/blockquote>\n","protected":false},"excerpt":{"rendered":"<p>\u00c9poca de Copa do Mundo e um dos sinais que os brasileiros mais fazem para representar o t\u00e3o sonhado hexacampeonato \u00e9 o n\u00famero seis, utilizando as duas m\u00e3os. J\u00e1 o baiano Josevaldo de Almeida Thom\u00e9, de 45 anos, se diz privilegiado por conseguir fazer o gesto com apenas uma m\u00e3o.<\/p>\n","protected":false},"author":3,"featured_media":1578,"comment_status":"closed","ping_status":"closed","sticky":false,"template":"","format":"standard","meta":{"_links_to":"","_links_to_target":""},"categories":[2],"tags":[],"_links":{"self":[{"href":"https:\/\/www.correiodascidades.com.br\/v1\/wp-json\/wp\/v2\/posts\/1576"}],"collection":[{"href":"https:\/\/www.correiodascidades.com.br\/v1\/wp-json\/wp\/v2\/posts"}],"about":[{"href":"https:\/\/www.correiodascidades.com.br\/v1\/wp-json\/wp\/v2\/types\/post"}],"author":[{"embeddable":true,"href":"https:\/\/www.correiodascidades.com.br\/v1\/wp-json\/wp\/v2\/users\/3"}],"replies":[{"embeddable":true,"href":"https:\/\/www.correiodascidades.com.br\/v1\/wp-json\/wp\/v2\/comments?post=1576"}],"version-history":[{"count":1,"href":"https:\/\/www.correiodascidades.com.br\/v1\/wp-json\/wp\/v2\/posts\/1576\/revisions"}],"predecessor-version":[{"id":1579,"href":"https:\/\/www.correiodascidades.com.br\/v1\/wp-json\/wp\/v2\/posts\/1576\/revisions\/1579"}],"wp:featuredmedia":[{"embeddable":true,"href":"https:\/\/www.correiodascidades.com.br\/v1\/wp-json\/wp\/v2\/media\/1578"}],"wp:attachment":[{"href":"https:\/\/www.correiodascidades.com.br\/v1\/wp-json\/wp\/v2\/media?parent=1576"}],"wp:term":[{"taxonomy":"category","embeddable":true,"href":"https:\/\/www.correiodascidades.com.br\/v1\/wp-json\/wp\/v2\/categories?post=1576"},{"taxonomy":"post_tag","embeddable":true,"href":"https:\/\/www.correiodascidades.com.br\/v1\/wp-json\/wp\/v2\/tags?post=1576"}],"curies":[{"name":"wp","href":"https:\/\/api.w.org\/{rel}","templated":true}]}}