{"id":1583,"date":"2022-11-21T00:49:07","date_gmt":"2022-11-21T03:49:07","guid":{"rendered":"https:\/\/www.correiodascidades.com.br\/v1\/?p=1583"},"modified":"2022-11-21T00:51:53","modified_gmt":"2022-11-21T03:51:53","slug":"seminario-preve-alcance-de-meta-zero-mortes-no-transito","status":"publish","type":"post","link":"https:\/\/www.correiodascidades.com.br\/v1\/2022\/11\/21\/seminario-preve-alcance-de-meta-zero-mortes-no-transito\/","title":{"rendered":"Semin\u00e1rio prev\u00ea alcance de meta zero mortes no tr\u00e2nsito"},"content":{"rendered":"<div><img loading=\"lazy\" class=\"\" src=\"https:\/\/www.correiodascidades.com.br\/v1\/wp-content\/uploads\/2022\/11\/Danilo-Costa-e1669002496949.jpeg\" width=\"604\" height=\"906\" \/><\/div>\n<div><\/div>\n<div>\n<p dir=\"ltr\">Presidente da Comiss\u00e3o de Direito do Tr\u00e2nsito da OAB Bahia, Danilo Costa, participar\u00e1 do semin\u00e1rio realizado em Bras\u00edlia\u00a0Presidente da Comiss\u00e3o de Direito do Tr\u00e2nsito da OAB Bahia e do Instituto Brasileiro de Direito de Tr\u00e2nsito, Danilo Costa, participa nos dias 21, 22 e 23 de novembro, do 1\u00b0 Semin\u00e1rio Internacional de Seguran\u00e7a Vi\u00e1ria que ser\u00e1 realizado em Bras\u00edlia, promovido pela Secretaria Nacional de Tr\u00e2nsito (SENATRAN) e pela C\u00e2mara Tem\u00e1tica de Gest\u00e3o e Coordena\u00e7\u00e3o do PNATRANS (CTPNAT).\u00a0O evento presencial, que ser\u00e1 realizado no Departamento Nacional de Infraestrutura de Transportes em Bras\u00edlia-DF, ter\u00e1 como objetivo promover a participa\u00e7\u00e3o ativa cidad\u00e3 e alcan\u00e7ar a meta zero de mortes no tr\u00e2nsito.<\/p>\n<\/div>\n<p>&nbsp;<\/p>\n<p>&nbsp;<\/p>\n<p>&nbsp;<\/p>\n<p>&nbsp;<\/p>\n<p>&nbsp;<\/p>\n<p>&nbsp;<\/p>\n<p>&nbsp;<\/p>\n<p>&nbsp;<\/p>\n","protected":false},"excerpt":{"rendered":"<p>Presidente da Comiss\u00e3o de Direito do Tr\u00e2nsito da OAB Bahia, Danilo Costa, participar\u00e1 do semin\u00e1rio realizado em Bras\u00edlia\u00a0Presidente da Comiss\u00e3o de Direito do Tr\u00e2nsito da OAB Bahia e do Instituto Brasileiro de Direito de Tr\u00e2nsito, Danilo Costa, participa nos dias 21, 22 e 23 de novembro, do 1\u00b0 Semin\u00e1rio Internacional de Seguran\u00e7a Vi\u00e1ria que ser\u00e1 [&hellip;]<\/p>\n","protected":false},"author":3,"featured_media":1584,"comment_status":"closed","ping_status":"closed","sticky":false,"template":"","format":"standard","meta":{"_links_to":"","_links_to_target":""},"categories":[1],"tags":[],"_links":{"self":[{"href":"https:\/\/www.correiodascidades.com.br\/v1\/wp-json\/wp\/v2\/posts\/1583"}],"collection":[{"href":"https:\/\/www.correiodascidades.com.br\/v1\/wp-json\/wp\/v2\/posts"}],"about":[{"href":"https:\/\/www.correiodascidades.com.br\/v1\/wp-json\/wp\/v2\/types\/post"}],"author":[{"embeddable":true,"href":"https:\/\/www.correiodascidades.com.br\/v1\/wp-json\/wp\/v2\/users\/3"}],"replies":[{"embeddable":true,"href":"https:\/\/www.correiodascidades.com.br\/v1\/wp-json\/wp\/v2\/comments?post=1583"}],"version-history":[{"count":3,"href":"https:\/\/www.correiodascidades.com.br\/v1\/wp-json\/wp\/v2\/posts\/1583\/revisions"}],"predecessor-version":[{"id":1587,"href":"https:\/\/www.correiodascidades.com.br\/v1\/wp-json\/wp\/v2\/posts\/1583\/revisions\/1587"}],"wp:featuredmedia":[{"embeddable":true,"href":"https:\/\/www.correiodascidades.com.br\/v1\/wp-json\/wp\/v2\/media\/1584"}],"wp:attachment":[{"href":"https:\/\/www.correiodascidades.com.br\/v1\/wp-json\/wp\/v2\/media?parent=1583"}],"wp:term":[{"taxonomy":"category","embeddable":true,"href":"https:\/\/www.correiodascidades.com.br\/v1\/wp-json\/wp\/v2\/categories?post=1583"},{"taxonomy":"post_tag","embeddable":true,"href":"https:\/\/www.correiodascidades.com.br\/v1\/wp-json\/wp\/v2\/tags?post=1583"}],"curies":[{"name":"wp","href":"https:\/\/api.w.org\/{rel}","templated":true}]}}