{"id":1595,"date":"2022-11-21T09:23:50","date_gmt":"2022-11-21T12:23:50","guid":{"rendered":"https:\/\/www.correiodascidades.com.br\/v1\/?p=1595"},"modified":"2022-11-21T09:25:15","modified_gmt":"2022-11-21T12:25:15","slug":"ilheus-o-servico-nao-para-no-mandato-de-augustao","status":"publish","type":"post","link":"https:\/\/www.correiodascidades.com.br\/v1\/2022\/11\/21\/ilheus-o-servico-nao-para-no-mandato-de-augustao\/","title":{"rendered":"\u00a0\u00a0ILH\u00c9US: O servi\u00e7o n\u00e3o para no mandato de August\u00e3o."},"content":{"rendered":"<p><img loading=\"lazy\" class=\"\" src=\"https:\/\/www.correiodascidades.com.br\/v1\/wp-content\/uploads\/2022\/11\/1aa46cea-ac60-44e6-baf6-00c753537fe4-e1669033263143.jpg\" width=\"589\" height=\"1048\" \/><\/p>\n<p>O distrito de Castelo Novo, \u00a0Zona Norte da cidade, mais uma vez est\u00e1 recebendo os servi\u00e7os de poda de arvores &#8211; limpeza de ruas e algumas a\u00e7\u00f5es b\u00e1sicas do dia a dia.<\/p>\n<p>Esse tipo de trabalho faz parte de uma iniciativa do Vereador August\u00e3o. <!--more--><\/p>\n<p>O Vereador lembra que cuidar do povo dos Distritos, Vilas, e povoado \u00e9 um compromisso que ele n\u00e3o pretende abrir m\u00e3o.<\/p>\n<p>\u201cSempre que a demanda chega agente se encarrega de agir disse o Vereador\u201d.<\/p>\n<p>Castelo Novo \u00e9 uma localidade muito afastada da sede e pouco tem sido lembrada, e quase nada chega. Assim, August\u00e3o tem sido a voz das realiza\u00e7\u00f5es naquela localidade.<\/p>\n","protected":false},"excerpt":{"rendered":"<p>O distrito de Castelo Novo, \u00a0Zona Norte da cidade, mais uma vez est\u00e1 recebendo os servi\u00e7os de poda de arvores &#8211; limpeza de ruas e algumas a\u00e7\u00f5es b\u00e1sicas do dia a dia. Esse tipo de trabalho faz parte de uma iniciativa do Vereador August\u00e3o.<\/p>\n","protected":false},"author":3,"featured_media":1596,"comment_status":"closed","ping_status":"closed","sticky":false,"template":"","format":"standard","meta":{"_links_to":"","_links_to_target":""},"categories":[3],"tags":[],"_links":{"self":[{"href":"https:\/\/www.correiodascidades.com.br\/v1\/wp-json\/wp\/v2\/posts\/1595"}],"collection":[{"href":"https:\/\/www.correiodascidades.com.br\/v1\/wp-json\/wp\/v2\/posts"}],"about":[{"href":"https:\/\/www.correiodascidades.com.br\/v1\/wp-json\/wp\/v2\/types\/post"}],"author":[{"embeddable":true,"href":"https:\/\/www.correiodascidades.com.br\/v1\/wp-json\/wp\/v2\/users\/3"}],"replies":[{"embeddable":true,"href":"https:\/\/www.correiodascidades.com.br\/v1\/wp-json\/wp\/v2\/comments?post=1595"}],"version-history":[{"count":3,"href":"https:\/\/www.correiodascidades.com.br\/v1\/wp-json\/wp\/v2\/posts\/1595\/revisions"}],"predecessor-version":[{"id":1599,"href":"https:\/\/www.correiodascidades.com.br\/v1\/wp-json\/wp\/v2\/posts\/1595\/revisions\/1599"}],"wp:featuredmedia":[{"embeddable":true,"href":"https:\/\/www.correiodascidades.com.br\/v1\/wp-json\/wp\/v2\/media\/1596"}],"wp:attachment":[{"href":"https:\/\/www.correiodascidades.com.br\/v1\/wp-json\/wp\/v2\/media?parent=1595"}],"wp:term":[{"taxonomy":"category","embeddable":true,"href":"https:\/\/www.correiodascidades.com.br\/v1\/wp-json\/wp\/v2\/categories?post=1595"},{"taxonomy":"post_tag","embeddable":true,"href":"https:\/\/www.correiodascidades.com.br\/v1\/wp-json\/wp\/v2\/tags?post=1595"}],"curies":[{"name":"wp","href":"https:\/\/api.w.org\/{rel}","templated":true}]}}