{"id":1608,"date":"2022-11-22T13:48:16","date_gmt":"2022-11-22T16:48:16","guid":{"rendered":"https:\/\/www.correiodascidades.com.br\/v1\/?p=1608"},"modified":"2022-11-22T13:48:16","modified_gmt":"2022-11-22T16:48:16","slug":"nivel-do-rio-aumenta-e-ja-deixa-gandu-em-alerta","status":"publish","type":"post","link":"https:\/\/www.correiodascidades.com.br\/v1\/2022\/11\/22\/nivel-do-rio-aumenta-e-ja-deixa-gandu-em-alerta\/","title":{"rendered":"N\u00edvel do rio aumenta e j\u00e1 deixa Gandu em alerta"},"content":{"rendered":"<p><img loading=\"lazy\" class=\"\" src=\"https:\/\/www.correiodascidades.com.br\/v1\/wp-content\/uploads\/2022\/11\/download-2-e1669135645686.jpg\" width=\"613\" height=\"331\" \/><\/p>\n<p>V\u00eddeos gravados na manh\u00e3 desta ter\u00e7a-feira, (22), mostram um aumento significativo no n\u00edvel do rio\u00a0<strong><a href=\"https:\/\/midiabahia.com.br\/mecanico-ganduense-morre-apos-carro-que-dirigia-cair-de-ponte\/\">Gandu<\/a><\/strong> ap\u00f3s \u00e0s chuvas registradas nos \u00faltimos dias na cidade. Imagens feitas em uma mesma rua, no bairro Beira Rio, revela que nas \u00faltimas horas o volume de \u00e1gua subiu tanto, que j\u00e1 se aproximou do n\u00edvel da rua. <!--more--><\/p>\n<p>Tamb\u00e9m na manh\u00e3 desta ter\u00e7a-feira j\u00e1 houve registros das primeiras casas alagadas, localizadas na Travessa Paulo Almeida, no bairro Dois de Julho.<\/p>\n<p>At\u00e9 por volta das 10h da manh\u00e3 de hoje a prefeitura ainda n\u00e3o havia emitido nenhum comunicado de alerta para moradores que moram em \u00e1reas com risco de alagamento.<\/p>\n<p>A\u00a0<a href=\"https:\/\/midiabahia.com.br\/ruas-de-cidades-do-sul-da-ba-ficam-alagadas-apos-temporal-nesta-segunda-previsao-e-de-mais-chuva-durante-a-semana\/\"><strong>previs\u00e3o do tempo para esta ter\u00e7a \u00e9 d<\/strong><\/a>e Sol com muitas nuvens durante o dia e per\u00edodos de nublado, com chuva a qualquer hora.<\/p>\n","protected":false},"excerpt":{"rendered":"<p>V\u00eddeos gravados na manh\u00e3 desta ter\u00e7a-feira, (22), mostram um aumento significativo no n\u00edvel do rio\u00a0Gandu ap\u00f3s \u00e0s chuvas registradas nos \u00faltimos dias na cidade. Imagens feitas em uma mesma rua, no bairro Beira Rio, revela que nas \u00faltimas horas o volume de \u00e1gua subiu tanto, que j\u00e1 se aproximou do n\u00edvel da rua.<\/p>\n","protected":false},"author":3,"featured_media":1609,"comment_status":"closed","ping_status":"closed","sticky":false,"template":"","format":"standard","meta":{"_links_to":"","_links_to_target":""},"categories":[1],"tags":[],"_links":{"self":[{"href":"https:\/\/www.correiodascidades.com.br\/v1\/wp-json\/wp\/v2\/posts\/1608"}],"collection":[{"href":"https:\/\/www.correiodascidades.com.br\/v1\/wp-json\/wp\/v2\/posts"}],"about":[{"href":"https:\/\/www.correiodascidades.com.br\/v1\/wp-json\/wp\/v2\/types\/post"}],"author":[{"embeddable":true,"href":"https:\/\/www.correiodascidades.com.br\/v1\/wp-json\/wp\/v2\/users\/3"}],"replies":[{"embeddable":true,"href":"https:\/\/www.correiodascidades.com.br\/v1\/wp-json\/wp\/v2\/comments?post=1608"}],"version-history":[{"count":1,"href":"https:\/\/www.correiodascidades.com.br\/v1\/wp-json\/wp\/v2\/posts\/1608\/revisions"}],"predecessor-version":[{"id":1610,"href":"https:\/\/www.correiodascidades.com.br\/v1\/wp-json\/wp\/v2\/posts\/1608\/revisions\/1610"}],"wp:featuredmedia":[{"embeddable":true,"href":"https:\/\/www.correiodascidades.com.br\/v1\/wp-json\/wp\/v2\/media\/1609"}],"wp:attachment":[{"href":"https:\/\/www.correiodascidades.com.br\/v1\/wp-json\/wp\/v2\/media?parent=1608"}],"wp:term":[{"taxonomy":"category","embeddable":true,"href":"https:\/\/www.correiodascidades.com.br\/v1\/wp-json\/wp\/v2\/categories?post=1608"},{"taxonomy":"post_tag","embeddable":true,"href":"https:\/\/www.correiodascidades.com.br\/v1\/wp-json\/wp\/v2\/tags?post=1608"}],"curies":[{"name":"wp","href":"https:\/\/api.w.org\/{rel}","templated":true}]}}