{"id":1611,"date":"2022-11-22T13:51:19","date_gmt":"2022-11-22T16:51:19","guid":{"rendered":"https:\/\/www.correiodascidades.com.br\/v1\/?p=1611"},"modified":"2022-11-22T13:51:19","modified_gmt":"2022-11-22T16:51:19","slug":"1611","status":"publish","type":"post","link":"https:\/\/www.correiodascidades.com.br\/v1\/2022\/11\/22\/1611\/","title":{"rendered":""},"content":{"rendered":"<p><img loading=\"lazy\" class=\"\" src=\"https:\/\/www.correiodascidades.com.br\/v1\/wp-content\/uploads\/2022\/11\/download-3-e1669135841573.jpg\" width=\"607\" height=\"340\" \/><\/p>\n<p>Um dos citados para assumir a Petrobras em 2023, na gest\u00e3o do presidente eleito Luiz In\u00e1cio Lula da Silva (PT), o governador Rui Costa descartou essa possibilidade nesta segunda-feira (21).\u00a0 Apesar de n\u00e3o se aprofundar em coment\u00e1rios sobre a futura equipe de Lula ou do governador eleito, Jer\u00f4nimo Rodrigues (PT), o gestor destacou que uma mudan\u00e7a na Lei das Estatais impede que quem exerceu cargo eletivo recentemente dirija uma estatal. <!--more--><\/p>\n<p>Falando para a imprensa no ato em que entregou 65 \u00f4nibus escolares para munic\u00edpios, Rui defendeu a revis\u00e3o da nova norma. \u201cAcho essa legisla\u00e7\u00e3o absurda, n\u00e3o pela possibilidade de eu assumir. \u00c9 t\u00e3o desorientada essa lei, na minha opini\u00e3o, que algu\u00e9m pode ser governador de S\u00e3o Paulo, da Bahia e de Minas, mas n\u00e3o pode ser presidente da Petrobras ou de alguma estatal. \u00c9 um neg\u00f3cio esdr\u00faxulo, feito naquela onda de falso moralismo\u201d.<\/p>\n<p>Rui tamb\u00e9m ironizou as especula\u00e7\u00f5es de que ele pode ir para alguma cadeira na Esplanada dos Minist\u00e9rios. \u201cJ\u00e1 se foram pelas minhas contas seis minist\u00e9rios (para os quais ele teve o nome citado)\u201d. Mas n\u00e3o descarta essa alternativa.\u00a0Ele, inclusive,\u00a0admitiu que, se for chamado para o governo federal, deve levar alguns auxiliares da Bahia, mas em di\u00e1logo com o governador eleito.<\/p>\n","protected":false},"excerpt":{"rendered":"<p>Um dos citados para assumir a Petrobras em 2023, na gest\u00e3o do presidente eleito Luiz In\u00e1cio Lula da Silva (PT), o governador Rui Costa descartou essa possibilidade nesta segunda-feira (21).\u00a0 Apesar de n\u00e3o se aprofundar em coment\u00e1rios sobre a futura equipe de Lula ou do governador eleito, Jer\u00f4nimo Rodrigues (PT), o gestor destacou que uma [&hellip;]<\/p>\n","protected":false},"author":3,"featured_media":1612,"comment_status":"closed","ping_status":"closed","sticky":false,"template":"","format":"standard","meta":{"_links_to":"","_links_to_target":""},"categories":[2],"tags":[],"_links":{"self":[{"href":"https:\/\/www.correiodascidades.com.br\/v1\/wp-json\/wp\/v2\/posts\/1611"}],"collection":[{"href":"https:\/\/www.correiodascidades.com.br\/v1\/wp-json\/wp\/v2\/posts"}],"about":[{"href":"https:\/\/www.correiodascidades.com.br\/v1\/wp-json\/wp\/v2\/types\/post"}],"author":[{"embeddable":true,"href":"https:\/\/www.correiodascidades.com.br\/v1\/wp-json\/wp\/v2\/users\/3"}],"replies":[{"embeddable":true,"href":"https:\/\/www.correiodascidades.com.br\/v1\/wp-json\/wp\/v2\/comments?post=1611"}],"version-history":[{"count":1,"href":"https:\/\/www.correiodascidades.com.br\/v1\/wp-json\/wp\/v2\/posts\/1611\/revisions"}],"predecessor-version":[{"id":1613,"href":"https:\/\/www.correiodascidades.com.br\/v1\/wp-json\/wp\/v2\/posts\/1611\/revisions\/1613"}],"wp:featuredmedia":[{"embeddable":true,"href":"https:\/\/www.correiodascidades.com.br\/v1\/wp-json\/wp\/v2\/media\/1612"}],"wp:attachment":[{"href":"https:\/\/www.correiodascidades.com.br\/v1\/wp-json\/wp\/v2\/media?parent=1611"}],"wp:term":[{"taxonomy":"category","embeddable":true,"href":"https:\/\/www.correiodascidades.com.br\/v1\/wp-json\/wp\/v2\/categories?post=1611"},{"taxonomy":"post_tag","embeddable":true,"href":"https:\/\/www.correiodascidades.com.br\/v1\/wp-json\/wp\/v2\/tags?post=1611"}],"curies":[{"name":"wp","href":"https:\/\/api.w.org\/{rel}","templated":true}]}}