{"id":1618,"date":"2022-11-23T11:06:50","date_gmt":"2022-11-23T14:06:50","guid":{"rendered":"https:\/\/www.correiodascidades.com.br\/v1\/?p=1618"},"modified":"2022-11-23T11:06:50","modified_gmt":"2022-11-23T14:06:50","slug":"tse-faz-crescer-expectativa-por-denuncia-do-pl","status":"publish","type":"post","link":"https:\/\/www.correiodascidades.com.br\/v1\/2022\/11\/23\/tse-faz-crescer-expectativa-por-denuncia-do-pl\/","title":{"rendered":"TSE faz crescer expectativa por den\u00fancia do PL"},"content":{"rendered":"<p><img loading=\"lazy\" class=\"\" src=\"https:\/\/www.correiodascidades.com.br\/v1\/wp-content\/uploads\/2022\/11\/TSE-e1669212336406.jpg\" width=\"605\" height=\"402\" \/><\/p>\n<p><span class=\"dropcap \">O<\/span>Tribunal Superior Eleitoral (TSE) disse ter sido alvo de fake news que apontava ind\u00edcio de fraude pela movimenta\u00e7\u00e3o de urnas armazenadas no TRE-SP. Segundo o TSE, as urnas seriam de 2009 e seguiam para a \u201cbaixa patrimonial\u201d. Essa explica\u00e7\u00e3o fez crescer a expectativa pela den\u00fancia do PL sobre a impossibilidade de checar 250 mil urnas cujo problema seria justamente possuir o mesmo n\u00famero de patrim\u00f4nio. <!--more--><\/p>\n<div id=\"Nota-7\" class=\"entry-block ch-nota Nota-7\">\n<h3>Trabalho em sil\u00eancio<\/h3>\n<\/div>\n<p>Segundo auditoria do pr\u00f3prio PL, por insist\u00eancia de Bolsonaro, todas as urnas de modelos pr\u00e9-2020 possuem o mesmo n\u00famero de identifica\u00e7\u00e3o.<\/p>\n<div id=\"Nota-8\" class=\"entry-block ch-nota Nota-8\">\n<h3>\u00c9 preciso explicar<\/h3>\n<\/div>\n<p>Presidente do partido, Valdemar Costa Neto disse que apresentaria a den\u00fancia at\u00e9 hoje, sem buscar nova elei\u00e7\u00e3o. S\u00f3 uma explica\u00e7\u00e3o do TSE.<\/p>\n<div id=\"Nota-9\" class=\"entry-block ch-nota Nota-9\">\n<h3>E agora, man\u00e9s?<\/h3>\n<\/div>\n<p>Costa Neto disse ter \u201ctudo documentado\u201d e fotografado, comprovando que n\u00e3o h\u00e1 como ligar o Boletim de Urna ao equipamento que o gerou.<\/p>\n<div class=\"cardPoderSemPudor\">\n<header>\n<h3><span class=\"highlight\">Poder sem Pudor<\/span><\/h3>\n<\/header>\n<div class=\"cardPoderSemPudorCard\">\n<p><img class=\"alignright\" src=\"https:\/\/uploads.diariodopoder.com.br\/2022\/11\/0e66c503-o-ideologo-do-pt-300x200.jpg\" alt=\"\" data-pin-no-hover=\"true\" \/><\/p>\n<h3>O ide\u00f3logo do PT<\/h3>\n<p>O deputado paranaense Luiz Carlos Hauly, ent\u00e3o vice-l\u00edder do PSDB na C\u00e2mara, encontrou um grupo de parlamentares petistas e provocou: \u201cNunca imaginei que o Geno\u00edno fosse um ide\u00f3logo t\u00e3o bom\u2026\u201d Um dos petistas ficou intrigado: \u201cPor que?\u201d Hauly explicou: \u201c\u00c9 que antes de ele assumir a presid\u00eancia do PT havia duas ideologias, direta e esquerda. Em Porto Alegre ele emplacou uma terceira: a torta\u201d.<\/p>\n<\/div>\n<\/div>\n<div id=\"Nota-10\" class=\"entry-block ch-nota Nota-10\">\n<h3>Quem sofre<\/h3>\n<\/div>\n<p>O prefeito de Araraquara (SP), Edinho Silva, disse ao \u201cCanal Livre\u201d da Band que o mercado \u201csofre por antecipa\u00e7\u00e3o\u201d. O Pa\u00eds \u00e9 que sofre com a falta de atitude respons\u00e1vel do presidente eleito em rela\u00e7\u00e3o \u00e0 economia.<\/p>\n<div id=\"Nota-11\" class=\"entry-block ch-nota Nota-11\">\n<h3>\u00d3dio do bem<\/h3>\n<\/div>\n<p>As manifesta\u00e7\u00f5es come\u00e7am a ser alvo da intoler\u00e2ncia de apoiadores da extrema-esquerda. Caminh\u00f5es incendiados no Mato Grosso e tentativa de atropelamento em Manaus s\u00e3o apenas o come\u00e7o.<\/p>\n<div id=\"Nota-12\" class=\"entry-block ch-nota Nota-12\">\n<h3>Olhando para os lados<\/h3>\n<\/div>\n<p>Imagens do ex-presidente da C\u00e2mara Rodrigo Maia em um resort ouvindo gritos de \u201cladr\u00e3o\u201d mostram que daqui para frente pol\u00edticos de comportamento lament\u00e1vel n\u00e3o ter\u00e3o mais sossego.<\/p>\n<div id=\"Nota-13\" class=\"entry-block ch-nota Nota-13\">\n<h3>Mais um retrocesso<\/h3>\n<\/div>\n<p>A ideia do governo de transi\u00e7\u00e3o de revogar o marco do saneamento gerou preocupa\u00e7\u00e3o no setor. Associa\u00e7\u00e3o de empresas lembra que o d\u00e9ficit atual de tratamento de esgoto atinge 150 milh\u00f5es de pessoas.<\/p>\n<div id=\"Nota-14\" class=\"entry-block ch-nota Nota-14\">\n<h3>Benef\u00edcios continuam<\/h3>\n<\/div>\n<p>Segue produzindo bons efeitos o sucesso da limita\u00e7\u00e3o do ICMS, depois que combust\u00edveis passaram a ser considerados essenciais e o pre\u00e7o do frete caiu 3,61% em outubro. \u00c9 o terceiro m\u00eas seguido de queda.<\/p>\n<div id=\"Nota-15\" class=\"entry-block ch-nota Nota-15\">\n<h3>Sabe de nada<\/h3>\n<\/div>\n<p>Presidente do PT, Gleisi Hoffmann disse em tom ir\u00f4nico que o mercado est\u00e1 \u201cansioso\u201d pela futura equipe econ\u00f4mica, \u201cmas o presidente Lula, n\u00e3o\u201d. Papo de quem n\u00e3o faz a menor ideia de quem ser\u00e1 o ministro.<\/p>\n<div id=\"Nota-16\" class=\"entry-block ch-nota Nota-16\">\n<h3>Estranho refor\u00e7o<\/h3>\n<\/div>\n<p>\u00c9 intrigante o refor\u00e7o reclamado pela Pol\u00edcia Federal para seguir fazendo passaportes, at\u00e9 porque tudo est\u00e1 em dia: sal\u00e1rios, alugu\u00e9is, tarifas de servi\u00e7o p\u00fablicos etc. Al\u00e9m disso, o cidad\u00e3o paga quase 260 reais por um passaporte que custa R$20, se tanto, e h\u00e1 estoque. \u201cRefor\u00e7o\u201d para qu\u00ea?<\/p>\n<div id=\"Nota-17\" class=\"entry-block ch-nota Nota-17\">\n<h3>Justi\u00e7a \u00e0 fam\u00edlia<\/h3>\n<\/div>\n<p>Melhor jogador do mundo de 1995, George Weah, nunca desfilou seu talento em uma Copa do Mundo pela fragilidade da Lib\u00e9ria, mas o filho Timothy, que nasceu nos EUA, marcou seu primeiro gol logo na estreia.<\/p>\n<div id=\"Nota-18\" class=\"entry-block ch-nota Nota-18\">\n<h3>Pensando bem\u2026<\/h3>\n<\/div>\n<p>\u2026nada como um fim de semana de sol na black pool do Copacabana Palace, ap\u00f3s tr\u00eas dias ouvindo xingamentos.<\/p>\n","protected":false},"excerpt":{"rendered":"<p>OTribunal Superior Eleitoral (TSE) disse ter sido alvo de fake news que apontava ind\u00edcio de fraude pela movimenta\u00e7\u00e3o de urnas armazenadas no TRE-SP. Segundo o TSE, as urnas seriam de 2009 e seguiam para a \u201cbaixa patrimonial\u201d. Essa explica\u00e7\u00e3o fez crescer a expectativa pela den\u00fancia do PL sobre a impossibilidade de checar 250 mil urnas [&hellip;]<\/p>\n","protected":false},"author":3,"featured_media":1619,"comment_status":"closed","ping_status":"closed","sticky":false,"template":"","format":"standard","meta":{"_links_to":"","_links_to_target":""},"categories":[2],"tags":[],"_links":{"self":[{"href":"https:\/\/www.correiodascidades.com.br\/v1\/wp-json\/wp\/v2\/posts\/1618"}],"collection":[{"href":"https:\/\/www.correiodascidades.com.br\/v1\/wp-json\/wp\/v2\/posts"}],"about":[{"href":"https:\/\/www.correiodascidades.com.br\/v1\/wp-json\/wp\/v2\/types\/post"}],"author":[{"embeddable":true,"href":"https:\/\/www.correiodascidades.com.br\/v1\/wp-json\/wp\/v2\/users\/3"}],"replies":[{"embeddable":true,"href":"https:\/\/www.correiodascidades.com.br\/v1\/wp-json\/wp\/v2\/comments?post=1618"}],"version-history":[{"count":1,"href":"https:\/\/www.correiodascidades.com.br\/v1\/wp-json\/wp\/v2\/posts\/1618\/revisions"}],"predecessor-version":[{"id":1620,"href":"https:\/\/www.correiodascidades.com.br\/v1\/wp-json\/wp\/v2\/posts\/1618\/revisions\/1620"}],"wp:featuredmedia":[{"embeddable":true,"href":"https:\/\/www.correiodascidades.com.br\/v1\/wp-json\/wp\/v2\/media\/1619"}],"wp:attachment":[{"href":"https:\/\/www.correiodascidades.com.br\/v1\/wp-json\/wp\/v2\/media?parent=1618"}],"wp:term":[{"taxonomy":"category","embeddable":true,"href":"https:\/\/www.correiodascidades.com.br\/v1\/wp-json\/wp\/v2\/categories?post=1618"},{"taxonomy":"post_tag","embeddable":true,"href":"https:\/\/www.correiodascidades.com.br\/v1\/wp-json\/wp\/v2\/tags?post=1618"}],"curies":[{"name":"wp","href":"https:\/\/api.w.org\/{rel}","templated":true}]}}