{"id":1622,"date":"2022-11-23T11:13:27","date_gmt":"2022-11-23T14:13:27","guid":{"rendered":"https:\/\/www.correiodascidades.com.br\/v1\/?p=1622"},"modified":"2022-11-23T11:13:27","modified_gmt":"2022-11-23T14:13:27","slug":"desacertos-na-transicao-podem-recuperar-dirceu-para-articular-governo","status":"publish","type":"post","link":"https:\/\/www.correiodascidades.com.br\/v1\/2022\/11\/23\/desacertos-na-transicao-podem-recuperar-dirceu-para-articular-governo\/","title":{"rendered":"Desacertos na transi\u00e7\u00e3o podem \u2018recuperar\u2019 Dirceu para articular governo"},"content":{"rendered":"<p><img src=\"https:\/\/www.jornaldamidia.com.br\/wp-content\/uploads\/2022\/11\/lulaezedirceu.viadiariodopoder.webp\" \/><\/p>\n<p><span class=\"dropcap \">A<\/span>qualidade do entorno de Lula explica declara\u00e7\u00f5es desastrosas e a perda de no\u00e7\u00e3o sobre a import\u00e2ncia da escolha do ministro da Economia, por exemplo. H\u00e1 muitas queixas de aliados sobre falta de comando no governo paralelo, o vice eleito Geraldo Alckmin n\u00e3o \u00e9 levado a s\u00e9rio e Lula n\u00e3o tem paci\u00eancia para o \u201cvarejo\u201d da pol\u00edtica. Velhos aliados do presidente eleito pedem maior protagonismo do ex-ministro Jos\u00e9 Dirceu, a quem petistas prestam obedi\u00eancia e outros pol\u00edticos aliados respeitam. <!--more--><\/p>\n<div class=\"notas\">\n<div id=\"Nota-2\" class=\"entry-block ch-nota Nota-2\">\n<h3>Triunvirato<\/h3>\n<\/div>\n<p>Em 2002, Dirceu, Antonio Palocci e Luiz Gushiken controlavam a boca e \u201cmastigavam\u201d decis\u00f5es para Lula. Hoje n\u00e3o h\u00e1 ningu\u00e9m nesse papel.<\/p>\n<div id=\"Nota-3\" class=\"entry-block ch-nota Nota-3\">\n<h3>Papel pol\u00edtico<\/h3>\n<\/div>\n<p>Durante a campanha, Jos\u00e9 Dirceu negociou apoios importantes, em nome de Lula, e at\u00e9 redefiniu chapas majorit\u00e1rias sobretudo no Nordeste.<\/p>\n<div id=\"Nota-4\" class=\"entry-block ch-nota Nota-4\">\n<h3>Presidi\u00e1rios<\/h3>\n<\/div>\n<p>Dirceu foi vetado porque o presidente eleito concordou que \u201cpegaria mal\u201d um ex-presidi\u00e1rio na transi\u00e7\u00e3o. Como se Lula tamb\u00e9m n\u00e3o o fosse.<\/p>\n<div id=\"Nota-5\" class=\"entry-block ch-nota Nota-5\">\n<h3>Burocracia<\/h3>\n<\/div>\n<p>O ex-ministro da Casa Civil do primeiro governo Lula apenas tem feito listas de candidatos a ministros e a cargos de segundo escal\u00e3o.<\/p>\n<\/div>\n","protected":false},"excerpt":{"rendered":"<p>Aqualidade do entorno de Lula explica declara\u00e7\u00f5es desastrosas e a perda de no\u00e7\u00e3o sobre a import\u00e2ncia da escolha do ministro da Economia, por exemplo. H\u00e1 muitas queixas de aliados sobre falta de comando no governo paralelo, o vice eleito Geraldo Alckmin n\u00e3o \u00e9 levado a s\u00e9rio e Lula n\u00e3o tem paci\u00eancia para o \u201cvarejo\u201d da [&hellip;]<\/p>\n","protected":false},"author":3,"featured_media":1619,"comment_status":"closed","ping_status":"closed","sticky":false,"template":"","format":"standard","meta":{"_links_to":"","_links_to_target":""},"categories":[2],"tags":[],"_links":{"self":[{"href":"https:\/\/www.correiodascidades.com.br\/v1\/wp-json\/wp\/v2\/posts\/1622"}],"collection":[{"href":"https:\/\/www.correiodascidades.com.br\/v1\/wp-json\/wp\/v2\/posts"}],"about":[{"href":"https:\/\/www.correiodascidades.com.br\/v1\/wp-json\/wp\/v2\/types\/post"}],"author":[{"embeddable":true,"href":"https:\/\/www.correiodascidades.com.br\/v1\/wp-json\/wp\/v2\/users\/3"}],"replies":[{"embeddable":true,"href":"https:\/\/www.correiodascidades.com.br\/v1\/wp-json\/wp\/v2\/comments?post=1622"}],"version-history":[{"count":1,"href":"https:\/\/www.correiodascidades.com.br\/v1\/wp-json\/wp\/v2\/posts\/1622\/revisions"}],"predecessor-version":[{"id":1624,"href":"https:\/\/www.correiodascidades.com.br\/v1\/wp-json\/wp\/v2\/posts\/1622\/revisions\/1624"}],"wp:featuredmedia":[{"embeddable":true,"href":"https:\/\/www.correiodascidades.com.br\/v1\/wp-json\/wp\/v2\/media\/1619"}],"wp:attachment":[{"href":"https:\/\/www.correiodascidades.com.br\/v1\/wp-json\/wp\/v2\/media?parent=1622"}],"wp:term":[{"taxonomy":"category","embeddable":true,"href":"https:\/\/www.correiodascidades.com.br\/v1\/wp-json\/wp\/v2\/categories?post=1622"},{"taxonomy":"post_tag","embeddable":true,"href":"https:\/\/www.correiodascidades.com.br\/v1\/wp-json\/wp\/v2\/tags?post=1622"}],"curies":[{"name":"wp","href":"https:\/\/api.w.org\/{rel}","templated":true}]}}