{"id":1626,"date":"2022-11-24T08:04:06","date_gmt":"2022-11-24T11:04:06","guid":{"rendered":"https:\/\/www.correiodascidades.com.br\/v1\/?p=1626"},"modified":"2022-11-24T08:17:26","modified_gmt":"2022-11-24T11:17:26","slug":"ba-movimento-indigena-reune-com-transicao-de-governo-de-jeronimo","status":"publish","type":"post","link":"https:\/\/www.correiodascidades.com.br\/v1\/2022\/11\/24\/ba-movimento-indigena-reune-com-transicao-de-governo-de-jeronimo\/","title":{"rendered":"BA: Movimento ind\u00edgena re\u00fane com Transi\u00e7\u00e3o do governo de Jer\u00f4nimo\u00a0"},"content":{"rendered":"<p><img loading=\"lazy\" class=\"alignnone wp-image-1627\" src=\"https:\/\/www.correiodascidades.com.br\/v1\/wp-content\/uploads\/2022\/11\/IMG-20221124-WA0026.jpg\" alt=\"\" width=\"608\" height=\"366\" srcset=\"https:\/\/www.correiodascidades.com.br\/v1\/wp-content\/uploads\/2022\/11\/IMG-20221124-WA0026.jpg 575w, https:\/\/www.correiodascidades.com.br\/v1\/wp-content\/uploads\/2022\/11\/IMG-20221124-WA0026-300x181.jpg 300w\" sizes=\"(max-width: 608px) 100vw, 608px\" \/><\/p>\n<p><strong>*Blog Povos Ind\u00edgenas<\/strong><\/p>\n<p>Na \u00faltima quarta-feira, (23), uma comiss\u00e3o de lideran\u00e7as ind\u00edgenas do Movimento Unido dos Povos e Organiza\u00e7\u00f5es Ind\u00edgenas da Bahia ( MUPOIBA), coordenada por Agnaldo Patax\u00f3 H\u00e3 H\u00e3 H\u00e3e, estiveram reunidos com a Comiss\u00e3o de Transi\u00e7\u00e3o do Governo da Bahia, representada por Adolplo Loyola, com objetivo de dialogar sobre as demandas dos povos ind\u00edgenas da Bahia.<!--more--><\/p>\n<p>Durante o encontro foram Apresentadas pautas, debatidas e aprovadas em diversas reuni\u00f5es e encontros de caciques, cacicas e lideran\u00e7as ind\u00edgenas de todo o estado, tendo como demandas principais: cria\u00e7\u00e3o da Secretaria Estadual de Prote\u00e7\u00e3o e Promo\u00e7\u00e3o dos Povos Ind\u00edgenas da Bahia; cria\u00e7\u00e3o da Superintend\u00eancia Estadual da Educa\u00e7\u00e3o Escolar Ind\u00edgena; apoio a demarca\u00e7\u00e3o e regulariza\u00e7\u00e3o fundi\u00e1ria das terras ind\u00edgenas, al\u00e9m de propostas de pol\u00edticas p\u00fablicas para os povos ind\u00edgenas.<\/p>\n<p>No di\u00e1logo com a equipe de transi\u00e7\u00e3o do governo, segundo Agnaldo Patax\u00f3, ficou acordado que a pauta e as preposi\u00e7\u00f5es ind\u00edgenas ser\u00e3o tratadas com o Governador eleito Jer\u00f4nimo Rodrigues &#8220;certo que os ind\u00edgenas ter\u00e3o aten\u00e7\u00e3o dentro do Governo da Bahia, atendendo as suas especificidades entre nossos povos&#8221;, destacou o coordenador do Mupoiba.<\/p>\n<p>Presente ao encontro estava o vereador ind\u00edgena Fl\u00e1vio Kaimb\u00e9 de Euclides da Cunha, o\u00a0 coordenador atual de pol\u00edticas ind\u00edgenas, Jerry Matalaw\u00ea, Cacique Aru\u00e3 presidente da Fipat, al\u00e9m de jovens lideran\u00e7as ind\u00edgenas do movimento.<\/p>\n","protected":false},"excerpt":{"rendered":"<p>*Blog Povos Ind\u00edgenas Na \u00faltima quarta-feira, (23), uma comiss\u00e3o de lideran\u00e7as ind\u00edgenas do Movimento Unido dos Povos e Organiza\u00e7\u00f5es Ind\u00edgenas da Bahia ( MUPOIBA), coordenada por Agnaldo Patax\u00f3 H\u00e3 H\u00e3 H\u00e3e, estiveram reunidos com a Comiss\u00e3o de Transi\u00e7\u00e3o do Governo da Bahia, representada por Adolplo Loyola, com objetivo de dialogar sobre as demandas dos povos [&hellip;]<\/p>\n","protected":false},"author":3,"featured_media":1627,"comment_status":"closed","ping_status":"closed","sticky":false,"template":"","format":"standard","meta":{"_links_to":"","_links_to_target":""},"categories":[5,1],"tags":[],"_links":{"self":[{"href":"https:\/\/www.correiodascidades.com.br\/v1\/wp-json\/wp\/v2\/posts\/1626"}],"collection":[{"href":"https:\/\/www.correiodascidades.com.br\/v1\/wp-json\/wp\/v2\/posts"}],"about":[{"href":"https:\/\/www.correiodascidades.com.br\/v1\/wp-json\/wp\/v2\/types\/post"}],"author":[{"embeddable":true,"href":"https:\/\/www.correiodascidades.com.br\/v1\/wp-json\/wp\/v2\/users\/3"}],"replies":[{"embeddable":true,"href":"https:\/\/www.correiodascidades.com.br\/v1\/wp-json\/wp\/v2\/comments?post=1626"}],"version-history":[{"count":2,"href":"https:\/\/www.correiodascidades.com.br\/v1\/wp-json\/wp\/v2\/posts\/1626\/revisions"}],"predecessor-version":[{"id":1629,"href":"https:\/\/www.correiodascidades.com.br\/v1\/wp-json\/wp\/v2\/posts\/1626\/revisions\/1629"}],"wp:featuredmedia":[{"embeddable":true,"href":"https:\/\/www.correiodascidades.com.br\/v1\/wp-json\/wp\/v2\/media\/1627"}],"wp:attachment":[{"href":"https:\/\/www.correiodascidades.com.br\/v1\/wp-json\/wp\/v2\/media?parent=1626"}],"wp:term":[{"taxonomy":"category","embeddable":true,"href":"https:\/\/www.correiodascidades.com.br\/v1\/wp-json\/wp\/v2\/categories?post=1626"},{"taxonomy":"post_tag","embeddable":true,"href":"https:\/\/www.correiodascidades.com.br\/v1\/wp-json\/wp\/v2\/tags?post=1626"}],"curies":[{"name":"wp","href":"https:\/\/api.w.org\/{rel}","templated":true}]}}