{"id":1630,"date":"2022-11-24T12:29:08","date_gmt":"2022-11-24T15:29:08","guid":{"rendered":"https:\/\/www.correiodascidades.com.br\/v1\/?p=1630"},"modified":"2022-11-24T12:29:08","modified_gmt":"2022-11-24T15:29:08","slug":"predio-desaba-em-wenceslau-guimaraes","status":"publish","type":"post","link":"https:\/\/www.correiodascidades.com.br\/v1\/2022\/11\/24\/predio-desaba-em-wenceslau-guimaraes\/","title":{"rendered":"Pr\u00e9dio desaba em Wenceslau Guimar\u00e3es"},"content":{"rendered":"<p><img loading=\"lazy\" class=\"\" src=\"https:\/\/www.correiodascidades.com.br\/v1\/wp-content\/uploads\/2022\/11\/predio-e1669303702858.jpg\" width=\"608\" height=\"382\" \/><\/p>\n<p>Um im\u00f3vel desabou no centro da cidade de Wenceslau Guimar\u00e3es, na regi\u00e3o do baixo sul da Bahia. Imagens que viralizaram nas redes sociais mostram o exato momento em que o pr\u00e9dio, onde iria funcionar uma farm\u00e1cia, foi ao ch\u00e3o. De acordo com publica\u00e7\u00e3o do G1, o caso aconteceu na quarta-feira (23).<\/p>\n<p>Segundo a Defesa Civil do munic\u00edpio, outro im\u00f3vel vizinho onde funciona um bar foi atingido pelo desabamento. N\u00e3o h\u00e1 registro de feridos. A suspeita da Defesa Civil \u00e9 que o acidente tenha sido causado por uma eros\u00e3o fluvial, provocada pela enchente do rio durante as chuvas que atingiram a regi\u00e3o. O \u00f3rg\u00e3o isolou a \u00e1rea, que vai passar por vistorias.<\/p>\n","protected":false},"excerpt":{"rendered":"<p>Um im\u00f3vel desabou no centro da cidade de Wenceslau Guimar\u00e3es, na regi\u00e3o do baixo sul da Bahia. Imagens que viralizaram nas redes sociais mostram o exato momento em que o pr\u00e9dio, onde iria funcionar uma farm\u00e1cia, foi ao ch\u00e3o. De acordo com publica\u00e7\u00e3o do G1, o caso aconteceu na quarta-feira (23). Segundo a Defesa Civil [&hellip;]<\/p>\n","protected":false},"author":3,"featured_media":1631,"comment_status":"closed","ping_status":"closed","sticky":false,"template":"","format":"standard","meta":{"_links_to":"","_links_to_target":""},"categories":[2],"tags":[],"_links":{"self":[{"href":"https:\/\/www.correiodascidades.com.br\/v1\/wp-json\/wp\/v2\/posts\/1630"}],"collection":[{"href":"https:\/\/www.correiodascidades.com.br\/v1\/wp-json\/wp\/v2\/posts"}],"about":[{"href":"https:\/\/www.correiodascidades.com.br\/v1\/wp-json\/wp\/v2\/types\/post"}],"author":[{"embeddable":true,"href":"https:\/\/www.correiodascidades.com.br\/v1\/wp-json\/wp\/v2\/users\/3"}],"replies":[{"embeddable":true,"href":"https:\/\/www.correiodascidades.com.br\/v1\/wp-json\/wp\/v2\/comments?post=1630"}],"version-history":[{"count":1,"href":"https:\/\/www.correiodascidades.com.br\/v1\/wp-json\/wp\/v2\/posts\/1630\/revisions"}],"predecessor-version":[{"id":1632,"href":"https:\/\/www.correiodascidades.com.br\/v1\/wp-json\/wp\/v2\/posts\/1630\/revisions\/1632"}],"wp:featuredmedia":[{"embeddable":true,"href":"https:\/\/www.correiodascidades.com.br\/v1\/wp-json\/wp\/v2\/media\/1631"}],"wp:attachment":[{"href":"https:\/\/www.correiodascidades.com.br\/v1\/wp-json\/wp\/v2\/media?parent=1630"}],"wp:term":[{"taxonomy":"category","embeddable":true,"href":"https:\/\/www.correiodascidades.com.br\/v1\/wp-json\/wp\/v2\/categories?post=1630"},{"taxonomy":"post_tag","embeddable":true,"href":"https:\/\/www.correiodascidades.com.br\/v1\/wp-json\/wp\/v2\/tags?post=1630"}],"curies":[{"name":"wp","href":"https:\/\/api.w.org\/{rel}","templated":true}]}}