{"id":1633,"date":"2022-11-24T12:31:33","date_gmt":"2022-11-24T15:31:33","guid":{"rendered":"https:\/\/www.correiodascidades.com.br\/v1\/?p=1633"},"modified":"2022-11-24T13:02:54","modified_gmt":"2022-11-24T16:02:54","slug":"soane-galvao-pode-assumir-secretaria-no-governo-do-estado","status":"publish","type":"post","link":"https:\/\/www.correiodascidades.com.br\/v1\/2022\/11\/24\/soane-galvao-pode-assumir-secretaria-no-governo-do-estado\/","title":{"rendered":"Soane Galv\u00e3o pode assumir secretaria no governo do estado"},"content":{"rendered":"<p><img loading=\"lazy\" class=\"\" src=\"https:\/\/www.correiodascidades.com.br\/v1\/wp-content\/uploads\/2022\/11\/soane-e1669303859792.jpg\" width=\"604\" height=\"524\" \/><\/p>\n<p>A c\u00fapula do PSB da Bahia avalia indicar o nome da deputada estadual eleita Soane Galv\u00e3o para ocupar uma secretaria no governo do estado.<\/p>\n<p>O objetivo era colocar no mandato a primeira suplente, Fabiola Mansur (PSB), que goza de bastante prestigio com o partido.<\/p>\n<p>Uma fonte do partido informou ao site Pol\u00edticos Sul da Bahia que essa estrat\u00e9gia estaria sendo montada, mas ser\u00e1 marcada s\u00f3 depois de uma conversa com o governador eleito, Jer\u00f4nimo (PT).<\/p>\n","protected":false},"excerpt":{"rendered":"<p>A c\u00fapula do PSB da Bahia avalia indicar o nome da deputada estadual eleita Soane Galv\u00e3o para ocupar uma secretaria no governo do estado. O objetivo era colocar no mandato a primeira suplente, Fabiola Mansur (PSB), que goza de bastante prestigio com o partido. Uma fonte do partido informou ao site Pol\u00edticos Sul da Bahia [&hellip;]<\/p>\n","protected":false},"author":3,"featured_media":1634,"comment_status":"closed","ping_status":"closed","sticky":false,"template":"","format":"standard","meta":{"_links_to":"","_links_to_target":""},"categories":[1],"tags":[],"_links":{"self":[{"href":"https:\/\/www.correiodascidades.com.br\/v1\/wp-json\/wp\/v2\/posts\/1633"}],"collection":[{"href":"https:\/\/www.correiodascidades.com.br\/v1\/wp-json\/wp\/v2\/posts"}],"about":[{"href":"https:\/\/www.correiodascidades.com.br\/v1\/wp-json\/wp\/v2\/types\/post"}],"author":[{"embeddable":true,"href":"https:\/\/www.correiodascidades.com.br\/v1\/wp-json\/wp\/v2\/users\/3"}],"replies":[{"embeddable":true,"href":"https:\/\/www.correiodascidades.com.br\/v1\/wp-json\/wp\/v2\/comments?post=1633"}],"version-history":[{"count":1,"href":"https:\/\/www.correiodascidades.com.br\/v1\/wp-json\/wp\/v2\/posts\/1633\/revisions"}],"predecessor-version":[{"id":1635,"href":"https:\/\/www.correiodascidades.com.br\/v1\/wp-json\/wp\/v2\/posts\/1633\/revisions\/1635"}],"wp:featuredmedia":[{"embeddable":true,"href":"https:\/\/www.correiodascidades.com.br\/v1\/wp-json\/wp\/v2\/media\/1634"}],"wp:attachment":[{"href":"https:\/\/www.correiodascidades.com.br\/v1\/wp-json\/wp\/v2\/media?parent=1633"}],"wp:term":[{"taxonomy":"category","embeddable":true,"href":"https:\/\/www.correiodascidades.com.br\/v1\/wp-json\/wp\/v2\/categories?post=1633"},{"taxonomy":"post_tag","embeddable":true,"href":"https:\/\/www.correiodascidades.com.br\/v1\/wp-json\/wp\/v2\/tags?post=1633"}],"curies":[{"name":"wp","href":"https:\/\/api.w.org\/{rel}","templated":true}]}}