{"id":1636,"date":"2022-11-24T13:06:12","date_gmt":"2022-11-24T16:06:12","guid":{"rendered":"https:\/\/www.correiodascidades.com.br\/v1\/?p=1636"},"modified":"2022-11-24T13:06:12","modified_gmt":"2022-11-24T16:06:12","slug":"covid-19-ilheus-comeca-a-vacinar-criancas-de-6-meses-a-2-anos-com-comorbidades","status":"publish","type":"post","link":"https:\/\/www.correiodascidades.com.br\/v1\/2022\/11\/24\/covid-19-ilheus-comeca-a-vacinar-criancas-de-6-meses-a-2-anos-com-comorbidades\/","title":{"rendered":"Covid-19: Ilh\u00e9us come\u00e7a a vacinar crian\u00e7as de 6 meses a 2 anos com comorbidades"},"content":{"rendered":"<div id=\"post-body-2074320122745950397\" class=\"post-body entry-content\">\n<p><img loading=\"lazy\" class=\"\" src=\"https:\/\/www.correiodascidades.com.br\/v1\/wp-content\/uploads\/2022\/11\/vacina-e1669305893967.jpeg\" width=\"610\" height=\"422\" \/><\/p>\n<p>A Prefeitura de Ilh\u00e9us inicia nesta quarta-feira (23) a aplica\u00e7\u00e3o da primeira dose da vacina contra a Covid-19 em crian\u00e7as a partir dos 6 meses at\u00e9 2 anos (2 anos, 11 meses e 29 dias) com comorbidades. A imuniza\u00e7\u00e3o da nova faixa et\u00e1ria ser\u00e1 realizada com a Pfizer Baby, imunizante autorizado pela Ag\u00eancia Nacional de Vigil\u00e2ncia Sanit\u00e1ria (Anvisa). Confira a nota t\u00e9cnica. Clique aqui.\u00a0Conforme a Secretaria de Sa\u00fade (Sesau), o servi\u00e7o est\u00e1 dispon\u00edvel na UBS Sarah Kubitschek, \u00e0s ter\u00e7as e quintas-feiras, manh\u00e3 e tarde, e na UBS Euler \u00c1zaro, UBS Hernani S\u00e1 e CAE III (antigo Sesp), \u00e0s quartas-feiras, no per\u00edodo da tarde, e \u00e0s sextas-feiras, no per\u00edodo da manh\u00e3. A nota do Minist\u00e9rio da Sa\u00fade recomenda a administra\u00e7\u00e3o concomitante de vacinas Covid-19 com as demais vacinas do calend\u00e1rio de imuniza\u00e7\u00e3o ou em qualquer intervalo na faixa et\u00e1ria de 6 meses de idade ou mais.<\/p>\n<div><\/div>\n<\/div>\n<p>&nbsp;<\/p>\n<div class=\"jump-link\"><\/div>\n","protected":false},"excerpt":{"rendered":"<p>A Prefeitura de Ilh\u00e9us inicia nesta quarta-feira (23) a aplica\u00e7\u00e3o da primeira dose da vacina contra a Covid-19 em crian\u00e7as a partir dos 6 meses at\u00e9 2 anos (2 anos, 11 meses e 29 dias) com comorbidades. A imuniza\u00e7\u00e3o da nova faixa et\u00e1ria ser\u00e1 realizada com a Pfizer Baby, imunizante autorizado pela Ag\u00eancia Nacional de [&hellip;]<\/p>\n","protected":false},"author":3,"featured_media":1637,"comment_status":"closed","ping_status":"closed","sticky":false,"template":"","format":"standard","meta":{"_links_to":"","_links_to_target":""},"categories":[1],"tags":[],"_links":{"self":[{"href":"https:\/\/www.correiodascidades.com.br\/v1\/wp-json\/wp\/v2\/posts\/1636"}],"collection":[{"href":"https:\/\/www.correiodascidades.com.br\/v1\/wp-json\/wp\/v2\/posts"}],"about":[{"href":"https:\/\/www.correiodascidades.com.br\/v1\/wp-json\/wp\/v2\/types\/post"}],"author":[{"embeddable":true,"href":"https:\/\/www.correiodascidades.com.br\/v1\/wp-json\/wp\/v2\/users\/3"}],"replies":[{"embeddable":true,"href":"https:\/\/www.correiodascidades.com.br\/v1\/wp-json\/wp\/v2\/comments?post=1636"}],"version-history":[{"count":1,"href":"https:\/\/www.correiodascidades.com.br\/v1\/wp-json\/wp\/v2\/posts\/1636\/revisions"}],"predecessor-version":[{"id":1638,"href":"https:\/\/www.correiodascidades.com.br\/v1\/wp-json\/wp\/v2\/posts\/1636\/revisions\/1638"}],"wp:featuredmedia":[{"embeddable":true,"href":"https:\/\/www.correiodascidades.com.br\/v1\/wp-json\/wp\/v2\/media\/1637"}],"wp:attachment":[{"href":"https:\/\/www.correiodascidades.com.br\/v1\/wp-json\/wp\/v2\/media?parent=1636"}],"wp:term":[{"taxonomy":"category","embeddable":true,"href":"https:\/\/www.correiodascidades.com.br\/v1\/wp-json\/wp\/v2\/categories?post=1636"},{"taxonomy":"post_tag","embeddable":true,"href":"https:\/\/www.correiodascidades.com.br\/v1\/wp-json\/wp\/v2\/tags?post=1636"}],"curies":[{"name":"wp","href":"https:\/\/api.w.org\/{rel}","templated":true}]}}