{"id":1646,"date":"2022-11-24T13:42:21","date_gmt":"2022-11-24T16:42:21","guid":{"rendered":"https:\/\/www.correiodascidades.com.br\/v1\/?p=1646"},"modified":"2022-11-24T13:42:21","modified_gmt":"2022-11-24T16:42:21","slug":"carla-zambelli-volta-ao-brasil-e-ironiza-alexandre-de-moraes-nao-tem-coragem-de-me-prender","status":"publish","type":"post","link":"https:\/\/www.correiodascidades.com.br\/v1\/2022\/11\/24\/carla-zambelli-volta-ao-brasil-e-ironiza-alexandre-de-moraes-nao-tem-coragem-de-me-prender\/","title":{"rendered":"Carla Zambelli volta ao Brasil e ironiza Alexandre de Moraes: N\u00e3o tem coragem de me prender"},"content":{"rendered":"<p><img loading=\"lazy\" class=\"\" src=\"https:\/\/www.correiodascidades.com.br\/v1\/wp-content\/uploads\/2022\/11\/download-5-e1669308104269.jpg\" width=\"605\" height=\"339\" \/><\/p>\n<p>A deputada federal <a href=\"https:\/\/midiabahia.com.br\/moro-tinha-predilecao-em-investigar-o-pt-e-proteger-o-psdb-diz-carla-zambelli\/\">Carla Zambelli<\/a> (PL-SP) retornou discretamente ao Brasil no \u00faltimo s\u00e1bado (19), ap\u00f3s ter passado quase tr\u00eas semanas nos EUA. Zambelli, que viajou depois do segundo turno da elei\u00e7\u00e3o presidencial, ironizou a ofensiva do ministro do STF Alexandre de Moraes contra bolsonaristas. <!--more--><\/p>\n<p><a href=\"https:\/\/midiabahia.com.br\/ex-desembargador-defende-prisao-de-alexandre-de-moraes\/\">\u201cVoltei sem ser presa, olha s\u00f3. Acho que o Alexandre n\u00e3o tem coragem de me prender\u201d<\/a>, disse a parlamentar \u00e0 coluna Painel, da Folha de S.Paulo.<\/p>\n<p>Deputada federal mais votada em S\u00e3o Paulo, Zambelli participou de atos de apoiadores do presidente Jair Bolsonaro nos EUA. Esteve em Nova York (EUA), onde ministros do STF (<a href=\"https:\/\/midiabahia.com.br\/radio-baiana-sofre-ataque-hacker-que-deixam-mensagem-de-ataque-ao-stf\/\">Supremo Tribunal Federal<\/a>) participaram de um evento promovido pelo grupo Lide.<\/p>\n<p>A presen\u00e7a prolongada da deputada em territ\u00f3rio americano gerou especula\u00e7\u00f5es de que ela poderia pedir asilo, a exemplo do que j\u00e1 fez o influenciador Allan dos Santos.<\/p>\n<p>Na v\u00e9spera do segundo turno, Zambelli protagonizou uma das grandes pol\u00eamicas da campanha, ao ser filmada perseguindo armada um homem em uma rua de S\u00e3o Paulo.<\/p>\n<p>Bahia.ba<\/p>\n","protected":false},"excerpt":{"rendered":"<p>A deputada federal Carla Zambelli (PL-SP) retornou discretamente ao Brasil no \u00faltimo s\u00e1bado (19), ap\u00f3s ter passado quase tr\u00eas semanas nos EUA. Zambelli, que viajou depois do segundo turno da elei\u00e7\u00e3o presidencial, ironizou a ofensiva do ministro do STF Alexandre de Moraes contra bolsonaristas.<\/p>\n","protected":false},"author":3,"featured_media":1647,"comment_status":"closed","ping_status":"closed","sticky":false,"template":"","format":"standard","meta":{"_links_to":"","_links_to_target":""},"categories":[2],"tags":[],"_links":{"self":[{"href":"https:\/\/www.correiodascidades.com.br\/v1\/wp-json\/wp\/v2\/posts\/1646"}],"collection":[{"href":"https:\/\/www.correiodascidades.com.br\/v1\/wp-json\/wp\/v2\/posts"}],"about":[{"href":"https:\/\/www.correiodascidades.com.br\/v1\/wp-json\/wp\/v2\/types\/post"}],"author":[{"embeddable":true,"href":"https:\/\/www.correiodascidades.com.br\/v1\/wp-json\/wp\/v2\/users\/3"}],"replies":[{"embeddable":true,"href":"https:\/\/www.correiodascidades.com.br\/v1\/wp-json\/wp\/v2\/comments?post=1646"}],"version-history":[{"count":1,"href":"https:\/\/www.correiodascidades.com.br\/v1\/wp-json\/wp\/v2\/posts\/1646\/revisions"}],"predecessor-version":[{"id":1648,"href":"https:\/\/www.correiodascidades.com.br\/v1\/wp-json\/wp\/v2\/posts\/1646\/revisions\/1648"}],"wp:featuredmedia":[{"embeddable":true,"href":"https:\/\/www.correiodascidades.com.br\/v1\/wp-json\/wp\/v2\/media\/1647"}],"wp:attachment":[{"href":"https:\/\/www.correiodascidades.com.br\/v1\/wp-json\/wp\/v2\/media?parent=1646"}],"wp:term":[{"taxonomy":"category","embeddable":true,"href":"https:\/\/www.correiodascidades.com.br\/v1\/wp-json\/wp\/v2\/categories?post=1646"},{"taxonomy":"post_tag","embeddable":true,"href":"https:\/\/www.correiodascidades.com.br\/v1\/wp-json\/wp\/v2\/tags?post=1646"}],"curies":[{"name":"wp","href":"https:\/\/api.w.org\/{rel}","templated":true}]}}