{"id":1649,"date":"2022-11-24T13:47:50","date_gmt":"2022-11-24T16:47:50","guid":{"rendered":"https:\/\/www.correiodascidades.com.br\/v1\/?p=1649"},"modified":"2022-11-24T13:47:50","modified_gmt":"2022-11-24T16:47:50","slug":"botijao-de-gas-explode-e-causa-destruicao-no-bairro-do-saboeiro-em-salvador","status":"publish","type":"post","link":"https:\/\/www.correiodascidades.com.br\/v1\/2022\/11\/24\/botijao-de-gas-explode-e-causa-destruicao-no-bairro-do-saboeiro-em-salvador\/","title":{"rendered":"Botij\u00e3o de g\u00e1s explode e causa destrui\u00e7\u00e3o no bairro do Saboeiro, em Salvador"},"content":{"rendered":"<p><img loading=\"lazy\" class=\"\" src=\"https:\/\/www.correiodascidades.com.br\/v1\/wp-content\/uploads\/2022\/11\/download-6.jpg\" width=\"604\" height=\"339\" \/><\/p>\n<p>Um botij\u00e3o de g\u00e1s de uma lanchonete explodiu e causou uma grande destrui\u00e7\u00e3o no bairro do Saboeiro em Salvador, na madrugada desta quinta-feira (24).<\/p>\n<p>Para a TV Bahia, um t\u00e9cnico da\u00a0<strong><a href=\"https:\/\/midiabahia.com.br\/forca-tarefa-da-defesa-civil-e-prefeitura-de-jiquirica-vistoriam-casas-e-encostras-atidas-pelas-chuvas\/\">Defesa Civil<\/a>\u00a0<\/strong>(Codesal) informou que o local onde aconteceu a explos\u00e3o era um pr\u00e9dio comercial. Ainda segundo o t\u00e9cnico, a press\u00e3o do g\u00e1s provocou desabamento da laje e atingiu ao\u00a0 menos mais seis im\u00f3veis do entorno. <!--more--><\/p>\n<p>Um pr\u00e9dio localizado em frente\u00a0ao estabelecimento foi atingido e alguns moradores ficaram feridos com os estilha\u00e7os. O\u00a0<a href=\"https:\/\/midiabahia.com.br\/major-do-corpo-de-bombeiros-tenta-denunciar-traficantes-do-bairro-mas-historia-tem-final-tragico\/\">Corpo de Bombeiros<\/a>\u00a0foi acionada e foi ate o local. A Transalvador tamb\u00e9m enviou uma equipe para organizar\u00a0 tr\u00e2nsito\u00a0 na regi\u00e3o. BN<\/p>\n","protected":false},"excerpt":{"rendered":"<p>Um botij\u00e3o de g\u00e1s de uma lanchonete explodiu e causou uma grande destrui\u00e7\u00e3o no bairro do Saboeiro em Salvador, na madrugada desta quinta-feira (24). Para a TV Bahia, um t\u00e9cnico da\u00a0Defesa Civil\u00a0(Codesal) informou que o local onde aconteceu a explos\u00e3o era um pr\u00e9dio comercial. Ainda segundo o t\u00e9cnico, a press\u00e3o do g\u00e1s provocou desabamento da [&hellip;]<\/p>\n","protected":false},"author":3,"featured_media":1650,"comment_status":"closed","ping_status":"closed","sticky":false,"template":"","format":"standard","meta":{"_links_to":"","_links_to_target":""},"categories":[1],"tags":[],"_links":{"self":[{"href":"https:\/\/www.correiodascidades.com.br\/v1\/wp-json\/wp\/v2\/posts\/1649"}],"collection":[{"href":"https:\/\/www.correiodascidades.com.br\/v1\/wp-json\/wp\/v2\/posts"}],"about":[{"href":"https:\/\/www.correiodascidades.com.br\/v1\/wp-json\/wp\/v2\/types\/post"}],"author":[{"embeddable":true,"href":"https:\/\/www.correiodascidades.com.br\/v1\/wp-json\/wp\/v2\/users\/3"}],"replies":[{"embeddable":true,"href":"https:\/\/www.correiodascidades.com.br\/v1\/wp-json\/wp\/v2\/comments?post=1649"}],"version-history":[{"count":1,"href":"https:\/\/www.correiodascidades.com.br\/v1\/wp-json\/wp\/v2\/posts\/1649\/revisions"}],"predecessor-version":[{"id":1651,"href":"https:\/\/www.correiodascidades.com.br\/v1\/wp-json\/wp\/v2\/posts\/1649\/revisions\/1651"}],"wp:featuredmedia":[{"embeddable":true,"href":"https:\/\/www.correiodascidades.com.br\/v1\/wp-json\/wp\/v2\/media\/1650"}],"wp:attachment":[{"href":"https:\/\/www.correiodascidades.com.br\/v1\/wp-json\/wp\/v2\/media?parent=1649"}],"wp:term":[{"taxonomy":"category","embeddable":true,"href":"https:\/\/www.correiodascidades.com.br\/v1\/wp-json\/wp\/v2\/categories?post=1649"},{"taxonomy":"post_tag","embeddable":true,"href":"https:\/\/www.correiodascidades.com.br\/v1\/wp-json\/wp\/v2\/tags?post=1649"}],"curies":[{"name":"wp","href":"https:\/\/api.w.org\/{rel}","templated":true}]}}