{"id":1661,"date":"2022-11-25T12:01:44","date_gmt":"2022-11-25T15:01:44","guid":{"rendered":"https:\/\/www.correiodascidades.com.br\/v1\/?p=1661"},"modified":"2022-11-25T12:02:17","modified_gmt":"2022-11-25T15:02:17","slug":"homem-armado-invade-escola-dispara-e-deixa-feridos-no-interior-do-espirito-santo","status":"publish","type":"post","link":"https:\/\/www.correiodascidades.com.br\/v1\/2022\/11\/25\/homem-armado-invade-escola-dispara-e-deixa-feridos-no-interior-do-espirito-santo\/","title":{"rendered":"Homem armado invade escola, dispara e deixa feridos no interior do Esp\u00edrito Santo"},"content":{"rendered":"<p><img loading=\"lazy\" class=\"\" src=\"https:\/\/www.correiodascidades.com.br\/v1\/wp-content\/uploads\/2022\/11\/cats-11-e1669388449334.jpg\" width=\"598\" height=\"378\" \/><\/p>\n<p>Um homem armado realizou um ataque em uma escola municipal de Aracruz, no Esp\u00edrito Santo, na manh\u00e3 desta sexta-feira (25). Testemunhas disseram que ouviram v\u00e1rios disparos e o suspeito fugiu. <!--more--><\/p>\n<p>O crime ocorreu por volta das 10h.<\/p>\n<p>Os disparos atingiram diversos alunos e professores. Ainda n\u00e3o h\u00e1 informa\u00e7\u00f5es sobre o estado de sa\u00fade das v\u00edtimas. Os feridos est\u00e3o sendo encaminhados para hospitais de Vit\u00f3ria.<\/p>\n<p>O helic\u00f3ptero de Notaer foi acionado para ajudar no atendimento.<\/p>\n","protected":false},"excerpt":{"rendered":"<p>Um homem armado realizou um ataque em uma escola municipal de Aracruz, no Esp\u00edrito Santo, na manh\u00e3 desta sexta-feira (25). Testemunhas disseram que ouviram v\u00e1rios disparos e o suspeito fugiu.<\/p>\n","protected":false},"author":3,"featured_media":1662,"comment_status":"closed","ping_status":"closed","sticky":false,"template":"","format":"standard","meta":{"_links_to":"","_links_to_target":""},"categories":[2],"tags":[],"_links":{"self":[{"href":"https:\/\/www.correiodascidades.com.br\/v1\/wp-json\/wp\/v2\/posts\/1661"}],"collection":[{"href":"https:\/\/www.correiodascidades.com.br\/v1\/wp-json\/wp\/v2\/posts"}],"about":[{"href":"https:\/\/www.correiodascidades.com.br\/v1\/wp-json\/wp\/v2\/types\/post"}],"author":[{"embeddable":true,"href":"https:\/\/www.correiodascidades.com.br\/v1\/wp-json\/wp\/v2\/users\/3"}],"replies":[{"embeddable":true,"href":"https:\/\/www.correiodascidades.com.br\/v1\/wp-json\/wp\/v2\/comments?post=1661"}],"version-history":[{"count":1,"href":"https:\/\/www.correiodascidades.com.br\/v1\/wp-json\/wp\/v2\/posts\/1661\/revisions"}],"predecessor-version":[{"id":1663,"href":"https:\/\/www.correiodascidades.com.br\/v1\/wp-json\/wp\/v2\/posts\/1661\/revisions\/1663"}],"wp:featuredmedia":[{"embeddable":true,"href":"https:\/\/www.correiodascidades.com.br\/v1\/wp-json\/wp\/v2\/media\/1662"}],"wp:attachment":[{"href":"https:\/\/www.correiodascidades.com.br\/v1\/wp-json\/wp\/v2\/media?parent=1661"}],"wp:term":[{"taxonomy":"category","embeddable":true,"href":"https:\/\/www.correiodascidades.com.br\/v1\/wp-json\/wp\/v2\/categories?post=1661"},{"taxonomy":"post_tag","embeddable":true,"href":"https:\/\/www.correiodascidades.com.br\/v1\/wp-json\/wp\/v2\/tags?post=1661"}],"curies":[{"name":"wp","href":"https:\/\/api.w.org\/{rel}","templated":true}]}}