{"id":1669,"date":"2022-11-26T19:22:17","date_gmt":"2022-11-26T22:22:17","guid":{"rendered":"https:\/\/www.correiodascidades.com.br\/v1\/?p=1669"},"modified":"2022-11-26T19:22:17","modified_gmt":"2022-11-26T22:22:17","slug":"vendido-de-modo-escravizado-luiz-gama-estudou-direito-por-conta-propria-e-lutou-pela-abolicao","status":"publish","type":"post","link":"https:\/\/www.correiodascidades.com.br\/v1\/2022\/11\/26\/vendido-de-modo-escravizado-luiz-gama-estudou-direito-por-conta-propria-e-lutou-pela-abolicao\/","title":{"rendered":"Vendido de modo escravizado, Luiz Gama estudou direito por conta pr\u00f3pria e lutou pela aboli\u00e7\u00e3o"},"content":{"rendered":"<p><img loading=\"lazy\" class=\"\" src=\"https:\/\/www.correiodascidades.com.br\/v1\/wp-content\/uploads\/2022\/11\/luis-Gama-_2_-1-1.jpeg\" width=\"602\" height=\"390\" \/><\/p>\n<p>A palavra foi a maior arma de Luiz Gama contra a escravid\u00e3o. Foi com a orat\u00f3ria eloquente que o advogado autodidata conseguiu garantir a liberdade de centenas de pessoas escravizadas e se transformar no patrono da aboli\u00e7\u00e3o.\u00a0 <!--more--><\/p>\n<p>Naquela \u00e9poca, o Brasil aderia \u00e0s leis abolicionistas em ritmo de conta-gotas.\u00a0Era pelas brechas do judici\u00e1rio que Luiz Gama garantia os direitos das pessoas escravizadas.<\/p>\n<p>\u201cLuiz Gama, al\u00e9m de ser um advogado brilhante, estima-se que libertou mais de 500 pessoas escravizadas &#8211; o que \u00e9 uma grande inspira\u00e7\u00e3o -,\u00a0tamb\u00e9m trouxe esse lado da humaniza\u00e7\u00e3o da pessoa negra, da cr\u00edtica da sociedade e de uma mudan\u00e7a do mundo em que ele viva\u201d, ressalta a advogada Rachel Costa.<\/p>\n<p class=\"ckeditor-subtitle\">Assista:<\/p>\n<p>Luiz Gama nasceu em Salvador, no ano de 1830.\u00a0Era filho da rela\u00e7\u00e3o de uma mulher escravizada, Luiza Main, com um fidalgo portugu\u00eas, de quem ele n\u00e3o gostava muito de falar. O pai o negociou como escravizado\u00a0aos 10 anos de idade.\u00a0E\u00a0Gama seguiu nesta condi\u00e7\u00e3o at\u00e9 os 17 anos.<\/p>\n<p>Em contato com um jovem advogado, se alfabetizou e tentou ingressar na faculdade de direito do Largo do S\u00e3o Francisco, em S\u00e3o Paulo.\u00a0Encontrou as portas fechadas pelo racismo.<\/p>\n<p>Foi pelos livros que Luiz Gama superou a decep\u00e7\u00e3o de n\u00e3o poder estudar direito.\u00a0Se dedicou com afinco, aprendeu as leis e, em pouco tempo, j\u00e1 estava advogando. A primeira causa ganha foi em benef\u00edcio pr\u00f3prio: ele conseguiu provar perante os ju\u00edzes que jamais deveria ter sido escravizado.<\/p>\n<p>Na \u00e9poca em que Luiz Gama nasceu, filhos de escravizadas alforriadas j\u00e1 nasciam livres.\u00a0Al\u00e9m disso, no ano seguinte, em 1831, entrou em vigor a proibi\u00e7\u00e3o do tr\u00e1fico de pessoas escravizadas no Atl\u00e2ntico.\u00a0Gama dedicou a sua carreira como advogado a\u00a0fazer cumprir essas leis.<\/p>\n<p>\u201cEle [Gama] vai compreendendo formas de trabalhar dentro do que n\u00f3s t\u00ednhamos, dentro da legisla\u00e7\u00e3o brasileira, contra o processo de escravid\u00e3o&#8221;, explica J\u00falio C\u00e9sar, da dire\u00e7\u00e3o do\u00a0<a href=\"http:\/\/institutoluizgama.org.br\/\" target=\"_blank\" rel=\"noopener\">Instituto Luiz Gama<\/a>, ressaltando o trabalho do advogado que lutou contra a escravid\u00e3o, interpretando as pr\u00f3pria legisla\u00e7\u00e3o vigente na \u00e9poca.\u00a0\u201cEle identificou, atrav\u00e9s dessa lei, quem eram os os negros e negras escravizadas que adentraram ao Brasil ap\u00f3s a promulga\u00e7\u00e3o dessa lei e usava como argumento jur\u00eddico esse mecanismo\u201d.<\/p>\n<p>Em 1\u00ba de dezembro 1880, Luiz Gama escreveu a seguinte mensagem no jornal gazeta do povo:<\/p>\n<blockquote><p>&#8220;Em n\u00f3s, at\u00e9 a cor \u00e9 um defeito, um v\u00edcio imperdo\u00e1vel de origem, o estigma de um crime; e v\u00e3o ao ponto de esquecer que esta cor \u00e9 a origem da riqueza de milhares de salteadores, que nos insultam; que esta cor convencional da escravid\u00e3o, como sup\u00f5em os especuladores, \u00e0 semelhan\u00e7a da terra, ao trav\u00e9s da escura superf\u00edcie, encerra vulc\u00f5es, onde arde o fogo sagrado da liberdade.&#8221;<\/p>\n<p>&nbsp;<\/p><\/blockquote>\n","protected":false},"excerpt":{"rendered":"<p>A palavra foi a maior arma de Luiz Gama contra a escravid\u00e3o. Foi com a orat\u00f3ria eloquente que o advogado autodidata conseguiu garantir a liberdade de centenas de pessoas escravizadas e se transformar no patrono da aboli\u00e7\u00e3o.\u00a0<\/p>\n","protected":false},"author":3,"featured_media":1671,"comment_status":"closed","ping_status":"closed","sticky":false,"template":"","format":"standard","meta":{"_links_to":"","_links_to_target":""},"categories":[2],"tags":[],"_links":{"self":[{"href":"https:\/\/www.correiodascidades.com.br\/v1\/wp-json\/wp\/v2\/posts\/1669"}],"collection":[{"href":"https:\/\/www.correiodascidades.com.br\/v1\/wp-json\/wp\/v2\/posts"}],"about":[{"href":"https:\/\/www.correiodascidades.com.br\/v1\/wp-json\/wp\/v2\/types\/post"}],"author":[{"embeddable":true,"href":"https:\/\/www.correiodascidades.com.br\/v1\/wp-json\/wp\/v2\/users\/3"}],"replies":[{"embeddable":true,"href":"https:\/\/www.correiodascidades.com.br\/v1\/wp-json\/wp\/v2\/comments?post=1669"}],"version-history":[{"count":1,"href":"https:\/\/www.correiodascidades.com.br\/v1\/wp-json\/wp\/v2\/posts\/1669\/revisions"}],"predecessor-version":[{"id":1672,"href":"https:\/\/www.correiodascidades.com.br\/v1\/wp-json\/wp\/v2\/posts\/1669\/revisions\/1672"}],"wp:featuredmedia":[{"embeddable":true,"href":"https:\/\/www.correiodascidades.com.br\/v1\/wp-json\/wp\/v2\/media\/1671"}],"wp:attachment":[{"href":"https:\/\/www.correiodascidades.com.br\/v1\/wp-json\/wp\/v2\/media?parent=1669"}],"wp:term":[{"taxonomy":"category","embeddable":true,"href":"https:\/\/www.correiodascidades.com.br\/v1\/wp-json\/wp\/v2\/categories?post=1669"},{"taxonomy":"post_tag","embeddable":true,"href":"https:\/\/www.correiodascidades.com.br\/v1\/wp-json\/wp\/v2\/tags?post=1669"}],"curies":[{"name":"wp","href":"https:\/\/api.w.org\/{rel}","templated":true}]}}