{"id":1673,"date":"2022-11-26T19:29:04","date_gmt":"2022-11-26T22:29:04","guid":{"rendered":"https:\/\/www.correiodascidades.com.br\/v1\/?p=1673"},"modified":"2022-11-26T19:29:12","modified_gmt":"2022-11-26T22:29:12","slug":"brasil-mantem-misterio-antes-de-pegar-suica","status":"publish","type":"post","link":"https:\/\/www.correiodascidades.com.br\/v1\/2022\/11\/26\/brasil-mantem-misterio-antes-de-pegar-suica\/","title":{"rendered":"Brasil mant\u00e9m mist\u00e9rio antes de pegar Su\u00ed\u00e7a"},"content":{"rendered":"<p><img loading=\"lazy\" class=\"\" src=\"https:\/\/www.correiodascidades.com.br\/v1\/wp-content\/uploads\/2022\/11\/treino_brasil_copa_26_11_2022-e1669501689138.jpg\" width=\"612\" height=\"367\" \/><\/p>\n<p><span class=\"dropcap \">O<\/span>t\u00e9cnico Tite fechou \u00e0 imprensa o treinamento da sele\u00e7\u00e3o brasileira neste s\u00e1bado (26), no Est\u00e1dio Grand Hamad, em Doha. Foi a segunda atividade de prepara\u00e7\u00e3o para o jogo diante da Su\u00ed\u00e7a, na segunda-feira (28), \u00e0s 13h (hor\u00e1rio de Bras\u00edlia), pela segunda rodada do Grupo G da Copa do Mundo do Catar. <!--more--><\/p>\n<p>Dos 26 jogadores convocados por Tite, 23 foram a campo. Al\u00e9m do lateral Danilo e de Neymar, ambos com les\u00f5es no tornozelo e que s\u00e3o desfalques certos na pr\u00f3xima rodada, outra aus\u00eancia foi a do tamb\u00e9m atacante Antony.<\/p>\n<p>Segundo a assessoria de imprensa da Confedera\u00e7\u00e3o Brasileira de Futebol (CBF), o jogador do Manchester United (Inglaterra) apresentou \u201cmal estar\u201d. Ele j\u00e1 havia ficado fora do treinamento de sexta-feira (25), quando somente os atletas que n\u00e3o atuaram como titulares na estreia participaram da movimenta\u00e7\u00e3o no gramado.<\/p>\n<p>No treino deste s\u00e1bado, Tite come\u00e7ou a trabalhar com a equipe que ser\u00e1 titular diante dos su\u00ed\u00e7os. Sem Danilo, Daniel Alves \u00e9 o favorito para sair jogando, com o zagueiro \u00c9der Milit\u00e3o (que pode ser improvisado no setor) correndo por fora. Para o lugar de Neymar, o t\u00e9cnico tem como op\u00e7\u00f5es os volantes Fred e Bruno Guimar\u00e3es, o meia Everton Ribeiro e o atacante Rodrygo.<\/p>\n<p>O Brasil lidera o Grupo G com os mesmos tr\u00eas pontos da Su\u00ed\u00e7a, mas com saldo positivo de dois gols, devido \u00e0 vit\u00f3ria por 2 a 0 sobre a S\u00e9rvia na \u00faltima quinta-feira (24), com dois gols de Richarlison. No mesmo dia, os su\u00ed\u00e7os bateram Camar\u00f5es por 1 a 0. O tamb\u00e9m atacante Breel Embolo (camaron\u00eas de nascimento e se naturalizou em 2014) marcou para a equipe europeia. Quem ganhar, assegura a classifica\u00e7\u00e3o \u00e0s oitavas de final por anteced\u00eancia.<\/p>\n","protected":false},"excerpt":{"rendered":"<p>Ot\u00e9cnico Tite fechou \u00e0 imprensa o treinamento da sele\u00e7\u00e3o brasileira neste s\u00e1bado (26), no Est\u00e1dio Grand Hamad, em Doha. Foi a segunda atividade de prepara\u00e7\u00e3o para o jogo diante da Su\u00ed\u00e7a, na segunda-feira (28), \u00e0s 13h (hor\u00e1rio de Bras\u00edlia), pela segunda rodada do Grupo G da Copa do Mundo do Catar.<\/p>\n","protected":false},"author":3,"featured_media":1674,"comment_status":"closed","ping_status":"closed","sticky":false,"template":"","format":"standard","meta":{"_links_to":"","_links_to_target":""},"categories":[1],"tags":[],"_links":{"self":[{"href":"https:\/\/www.correiodascidades.com.br\/v1\/wp-json\/wp\/v2\/posts\/1673"}],"collection":[{"href":"https:\/\/www.correiodascidades.com.br\/v1\/wp-json\/wp\/v2\/posts"}],"about":[{"href":"https:\/\/www.correiodascidades.com.br\/v1\/wp-json\/wp\/v2\/types\/post"}],"author":[{"embeddable":true,"href":"https:\/\/www.correiodascidades.com.br\/v1\/wp-json\/wp\/v2\/users\/3"}],"replies":[{"embeddable":true,"href":"https:\/\/www.correiodascidades.com.br\/v1\/wp-json\/wp\/v2\/comments?post=1673"}],"version-history":[{"count":1,"href":"https:\/\/www.correiodascidades.com.br\/v1\/wp-json\/wp\/v2\/posts\/1673\/revisions"}],"predecessor-version":[{"id":1675,"href":"https:\/\/www.correiodascidades.com.br\/v1\/wp-json\/wp\/v2\/posts\/1673\/revisions\/1675"}],"wp:featuredmedia":[{"embeddable":true,"href":"https:\/\/www.correiodascidades.com.br\/v1\/wp-json\/wp\/v2\/media\/1674"}],"wp:attachment":[{"href":"https:\/\/www.correiodascidades.com.br\/v1\/wp-json\/wp\/v2\/media?parent=1673"}],"wp:term":[{"taxonomy":"category","embeddable":true,"href":"https:\/\/www.correiodascidades.com.br\/v1\/wp-json\/wp\/v2\/categories?post=1673"},{"taxonomy":"post_tag","embeddable":true,"href":"https:\/\/www.correiodascidades.com.br\/v1\/wp-json\/wp\/v2\/tags?post=1673"}],"curies":[{"name":"wp","href":"https:\/\/api.w.org\/{rel}","templated":true}]}}