{"id":1680,"date":"2022-11-26T19:55:54","date_gmt":"2022-11-26T22:55:54","guid":{"rendered":"https:\/\/www.correiodascidades.com.br\/v1\/?p=1680"},"modified":"2022-11-26T19:55:54","modified_gmt":"2022-11-26T22:55:54","slug":"ilheus-elefantes-da-praca-prefeitura-diz-que-escultura-foi-pintada-de-forma-equivocada-e-faz-remocao-imediata-de-tinta","status":"publish","type":"post","link":"https:\/\/www.correiodascidades.com.br\/v1\/2022\/11\/26\/ilheus-elefantes-da-praca-prefeitura-diz-que-escultura-foi-pintada-de-forma-equivocada-e-faz-remocao-imediata-de-tinta\/","title":{"rendered":"ILH\u00c9US: Elefantes da pra\u00e7a Prefeitura diz que escultura foi pintada de forma equivocada e faz remo\u00e7\u00e3o imediata de tinta"},"content":{"rendered":"<p>&nbsp;<\/p>\n<p><img loading=\"lazy\" class=\"\" src=\"https:\/\/www.correiodascidades.com.br\/v1\/wp-content\/uploads\/2022\/11\/011D5E8B-CD44-E7EA-1C6A-DDC0AB52A1DD_650X450-e1669503284458.jpg\" width=\"603\" height=\"417\" \/>A Prefeitura de Ilh\u00e9us iniciou neste s\u00e1bado (26) a remo\u00e7\u00e3o total da tinta aplicada na escultura de le\u00e3o esculpida em m\u00e1rmore de Carrara, situada na Pra\u00e7a Dom Eduardo, conhecida como Pra\u00e7a da Catedral. O Munic\u00edpio realiza a limpeza geral do Centro Hist\u00f3rico para montagem da estrutura do Natal Encantado, cujo trabalho tamb\u00e9m inclui pintura de meio-fio.<!--more--><\/p>\n<p>Conforme a Secretaria Especial de Cultura (Secult), um servidor tomou a decis\u00e3o isolada de pintar a pe\u00e7a, sem consultar a pasta. Todavia, a Secult informou\u00a0que n\u00e3o houve m\u00e1-f\u00e9, houve desconhecimento. Assim que soube da situa\u00e7\u00e3o, a Prefeitura acionou imediatamente o artista que fez a limpeza das est\u00e1tuas da Pra\u00e7a J.J.Seabra e desde o in\u00edcio da manh\u00e3\u00a0realiza a devida limpeza da pe\u00e7a impactada.<\/p>\n<p>\u201cSe houve decis\u00e3o de pintar, n\u00e3o partiu da secretaria, pois j\u00e1 t\u00ednhamos combinado a limpeza adequada. Infelizmente o desconhecimento sobre a import\u00e2ncia do Patrim\u00f4nio Hist\u00f3rico e Art\u00edstico gera n\u00e3o s\u00f3 em Ilh\u00e9us, mas ao redor do mundo, situa\u00e7\u00f5es terr\u00edveis, algumas irrevers\u00edveis\u201d, esclareceu Geraldo Magela, titular da Secult.<\/p>\n<p>A remo\u00e7\u00e3o est\u00e1 sendo realizada com bisturi, escova e produtos pr\u00f3prios para limpeza de m\u00e1rmore. Al\u00e9m da retirada da tinta, a pe\u00e7a vai receber lavagem completa, a fim de que seja mostrado todo o esplendor da obra de arte.<\/p>\n<p><strong>Conserva\u00e7\u00e3o do patrim\u00f4nio cultural &#8211;<\/strong>\u00a0Compromisso assumido pelo prefeito M\u00e1rio Alexandre, a recupera\u00e7\u00e3o do patrim\u00f4nio hist\u00f3rico e dos monumentos art\u00edsticos do munic\u00edpio chega \u00e0 etapa de conclus\u00e3o.<\/p>\n<p>De acordo com a Secult,\u00a0entre as obras est\u00e3o a est\u00e1tua de Sapho, instalada na Pra\u00e7a J.J. Seabra; o Obelisco, situado na Avenida Dois de Julho; e o Teatro Municipal de Ilh\u00e9us (TMI), que\u00a0passou por teste geral para verifica\u00e7\u00e3o dos reparos feitos em toda a estrutura f\u00edsica e rede el\u00e9trica antes da reinaugura\u00e7\u00e3o do espa\u00e7o.<\/p>\n<p>Somada aos servi\u00e7os, a Prefeitura e a Unimed de Ilh\u00e9us modernizaram a Pra\u00e7a Pedro Mattos, em frente ao TMI, com\u00a0paisagismo, ilumina\u00e7\u00e3o de LED, piso elevado de concreto e intertravado e rampa de acessibilidade para integrar a pra\u00e7a \u00e0s ruas laterais e todo o entorno.<\/p>\n<p>&nbsp;<\/p>\n","protected":false},"excerpt":{"rendered":"<p>&nbsp; A Prefeitura de Ilh\u00e9us iniciou neste s\u00e1bado (26) a remo\u00e7\u00e3o total da tinta aplicada na escultura de le\u00e3o esculpida em m\u00e1rmore de Carrara, situada na Pra\u00e7a Dom Eduardo, conhecida como Pra\u00e7a da Catedral. O Munic\u00edpio realiza a limpeza geral do Centro Hist\u00f3rico para montagem da estrutura do Natal Encantado, cujo trabalho tamb\u00e9m inclui pintura [&hellip;]<\/p>\n","protected":false},"author":3,"featured_media":1681,"comment_status":"closed","ping_status":"closed","sticky":false,"template":"","format":"standard","meta":{"_links_to":"","_links_to_target":""},"categories":[2],"tags":[],"_links":{"self":[{"href":"https:\/\/www.correiodascidades.com.br\/v1\/wp-json\/wp\/v2\/posts\/1680"}],"collection":[{"href":"https:\/\/www.correiodascidades.com.br\/v1\/wp-json\/wp\/v2\/posts"}],"about":[{"href":"https:\/\/www.correiodascidades.com.br\/v1\/wp-json\/wp\/v2\/types\/post"}],"author":[{"embeddable":true,"href":"https:\/\/www.correiodascidades.com.br\/v1\/wp-json\/wp\/v2\/users\/3"}],"replies":[{"embeddable":true,"href":"https:\/\/www.correiodascidades.com.br\/v1\/wp-json\/wp\/v2\/comments?post=1680"}],"version-history":[{"count":1,"href":"https:\/\/www.correiodascidades.com.br\/v1\/wp-json\/wp\/v2\/posts\/1680\/revisions"}],"predecessor-version":[{"id":1682,"href":"https:\/\/www.correiodascidades.com.br\/v1\/wp-json\/wp\/v2\/posts\/1680\/revisions\/1682"}],"wp:featuredmedia":[{"embeddable":true,"href":"https:\/\/www.correiodascidades.com.br\/v1\/wp-json\/wp\/v2\/media\/1681"}],"wp:attachment":[{"href":"https:\/\/www.correiodascidades.com.br\/v1\/wp-json\/wp\/v2\/media?parent=1680"}],"wp:term":[{"taxonomy":"category","embeddable":true,"href":"https:\/\/www.correiodascidades.com.br\/v1\/wp-json\/wp\/v2\/categories?post=1680"},{"taxonomy":"post_tag","embeddable":true,"href":"https:\/\/www.correiodascidades.com.br\/v1\/wp-json\/wp\/v2\/tags?post=1680"}],"curies":[{"name":"wp","href":"https:\/\/api.w.org\/{rel}","templated":true}]}}