{"id":1683,"date":"2022-11-26T22:02:08","date_gmt":"2022-11-27T01:02:08","guid":{"rendered":"https:\/\/www.correiodascidades.com.br\/v1\/?p=1683"},"modified":"2022-11-26T22:02:08","modified_gmt":"2022-11-27T01:02:08","slug":"prefeitura-diz-que-escultura-foi-pintada-de-forma-equivocada-e-faz-remocao-imediata-de-tinta","status":"publish","type":"post","link":"https:\/\/www.correiodascidades.com.br\/v1\/2022\/11\/26\/prefeitura-diz-que-escultura-foi-pintada-de-forma-equivocada-e-faz-remocao-imediata-de-tinta\/","title":{"rendered":"Prefeitura diz que escultura foi pintada de forma equivocada e faz remo\u00e7\u00e3o imediata de tinta"},"content":{"rendered":"<p><img loading=\"lazy\" class=\"\" src=\"https:\/\/www.correiodascidades.com.br\/v1\/wp-content\/uploads\/2022\/11\/transito.iguatemi-745x430-1-e1669510899444.jpg\" width=\"609\" height=\"351\" \/><\/p>\n<p><span class=\"dropcap \">V<\/span>encem na pr\u00f3xima semana os prazos para os propriet\u00e1rios de ve\u00edculos com placas de finais 9 e 0 pagarem a quinta e \u00faltima parcela do Imposto sobre a Propriedade de Ve\u00edculos Automotores (IPVA), ou ent\u00e3o quitarem o tributo em parcela \u00fanica, sem desconto. Os vencimentos s\u00e3o nos dias 29 (placa final 9) e 30 (placa 0). Para realizar o pagamento, o contribuinte deve se dirigir a uma ag\u00eancia, um caixa eletr\u00f4nico ou ent\u00e3o utilizar o aplicativo ou o site do Banco do Brasil, Bradesco ou Sicoob, bastando apenas apresentar o n\u00famero do Renavam. <!--more--><\/p>\n<p>Os ve\u00edculos com placas de finais 1 a 6 que n\u00e3o efetuaram o pagamento do Imposto j\u00e1 foram notificados, e as outras placas dever\u00e3o entrar na mesma situa\u00e7\u00e3o em breve. Nestes casos, para quitar o licenciamento, o contribuinte deve primeiro pagar o IPVA notificado. S\u00f3 ap\u00f3s a quita\u00e7\u00e3o, \u00e9 poss\u00edvel emitir o Certificado de Registro e Licenciamento de Ve\u00edculo Eletr\u00f4nico (CRLV-e), expedido pelo SAC Digital.<\/p>\n<p>O calend\u00e1rio de pagamento do IPVA est\u00e1 dispon\u00edvel no site da Secretaria da Fazenda do Estado (www.sefaz.ba.gov.br), no Canal Inspetoria Eletr\u00f4nica \u2013 IPVA \u2013 Calend\u00e1rio. Para mais informa\u00e7\u00f5es, o contribuinte pode ligar para o call center 0800 071 0071 ou enviar e-mail para\u00a0faleconosco@sefaz.ba.gov.br.<\/p>\n<h3><span class=\"highlight\">Licenciamento completo<\/span><\/h3>\n<p>O Departamento Estadual de Tr\u00e2nsito da Bahia (Detran-Ba) refor\u00e7a que o licenciamento completo do ve\u00edculo engloba outros itens al\u00e9m do IPVA. Para o autom\u00f3vel estar regularizado, \u00e9 necess\u00e1rio quitar, tamb\u00e9m, d\u00e9bitos do licenciamento anual e poss\u00edveis multas, se houver.<\/p>\n<p>Outro alerta \u00e9 a respeito da emiss\u00e3o do Certificado de Registro e Licenciamento do Ve\u00edculo Eletr\u00f4nico (CRLV-e). O documento n\u00e3o \u00e9 mais enviado para o endere\u00e7o do contribuinte e deve ser impresso ou gerado arquivo digital para ficar salvo no aparelho de celular ap\u00f3s o pagamento total do licenciamento.<\/p>\n<p>O CRLV-e pode ser emitido utilizando-se o SAC Digital, pelo endere\u00e7o www.sacdigital.ba.gov.br. Ser\u00e1 necess\u00e1rio entrar com usu\u00e1rio e senha ou ent\u00e3o, para quem est\u00e1 acessando pela primeira vez, fazer o cadastro. Para mais informa\u00e7\u00f5es, acesse www.detran.ba.gov.br.<\/p>\n","protected":false},"excerpt":{"rendered":"<p>Vencem na pr\u00f3xima semana os prazos para os propriet\u00e1rios de ve\u00edculos com placas de finais 9 e 0 pagarem a quinta e \u00faltima parcela do Imposto sobre a Propriedade de Ve\u00edculos Automotores (IPVA), ou ent\u00e3o quitarem o tributo em parcela \u00fanica, sem desconto. Os vencimentos s\u00e3o nos dias 29 (placa final 9) e 30 (placa [&hellip;]<\/p>\n","protected":false},"author":3,"featured_media":1684,"comment_status":"closed","ping_status":"closed","sticky":false,"template":"","format":"standard","meta":{"_links_to":"","_links_to_target":""},"categories":[2],"tags":[],"_links":{"self":[{"href":"https:\/\/www.correiodascidades.com.br\/v1\/wp-json\/wp\/v2\/posts\/1683"}],"collection":[{"href":"https:\/\/www.correiodascidades.com.br\/v1\/wp-json\/wp\/v2\/posts"}],"about":[{"href":"https:\/\/www.correiodascidades.com.br\/v1\/wp-json\/wp\/v2\/types\/post"}],"author":[{"embeddable":true,"href":"https:\/\/www.correiodascidades.com.br\/v1\/wp-json\/wp\/v2\/users\/3"}],"replies":[{"embeddable":true,"href":"https:\/\/www.correiodascidades.com.br\/v1\/wp-json\/wp\/v2\/comments?post=1683"}],"version-history":[{"count":1,"href":"https:\/\/www.correiodascidades.com.br\/v1\/wp-json\/wp\/v2\/posts\/1683\/revisions"}],"predecessor-version":[{"id":1685,"href":"https:\/\/www.correiodascidades.com.br\/v1\/wp-json\/wp\/v2\/posts\/1683\/revisions\/1685"}],"wp:featuredmedia":[{"embeddable":true,"href":"https:\/\/www.correiodascidades.com.br\/v1\/wp-json\/wp\/v2\/media\/1684"}],"wp:attachment":[{"href":"https:\/\/www.correiodascidades.com.br\/v1\/wp-json\/wp\/v2\/media?parent=1683"}],"wp:term":[{"taxonomy":"category","embeddable":true,"href":"https:\/\/www.correiodascidades.com.br\/v1\/wp-json\/wp\/v2\/categories?post=1683"},{"taxonomy":"post_tag","embeddable":true,"href":"https:\/\/www.correiodascidades.com.br\/v1\/wp-json\/wp\/v2\/tags?post=1683"}],"curies":[{"name":"wp","href":"https:\/\/api.w.org\/{rel}","templated":true}]}}