{"id":16888,"date":"2025-07-05T01:55:57","date_gmt":"2025-07-05T04:55:57","guid":{"rendered":"https:\/\/www.correiodascidades.com.br\/v1\/?p=16888"},"modified":"2025-07-05T01:55:57","modified_gmt":"2025-07-05T04:55:57","slug":"mp-aponta-esquema-de-compra-de-votos-entre-ex-diretora-de-presidio-politico-e-lider-de-faccao-em-eunapolis","status":"publish","type":"post","link":"https:\/\/www.correiodascidades.com.br\/v1\/2025\/07\/05\/mp-aponta-esquema-de-compra-de-votos-entre-ex-diretora-de-presidio-politico-e-lider-de-faccao-em-eunapolis\/","title":{"rendered":"MP aponta esquema de compra de votos entre ex-diretora de pres\u00eddio, pol\u00edtico e l\u00edder de fac\u00e7\u00e3o em Eun\u00e1polis"},"content":{"rendered":"<p><img loading=\"lazy\" class=\"\" src=\"https:\/\/www.correiodascidades.com.br\/v1\/wp-content\/uploads\/2025\/07\/joneuma-policia-eunapolis.jpg\" width=\"477\" height=\"318\" \/><\/p>\n<p><span class=\"dropcap \">A<\/span>l\u00e9m de indicar um romance entre a ex-diretora do Conjunto Penal de Eun\u00e1polis, Joneuma Silva Neres, e o l\u00edder da fac\u00e7\u00e3o Primeiro Comando de Eun\u00e1polis (PCE), Ednaldo Pereira de Souza, conhecido como Dad\u00e1, as investiga\u00e7\u00f5es do Minist\u00e9rio P\u00fablico da Bahia (MP-BA) apontaram o envolvimento dos dois em um esquema de compra de votos.<\/p>\n<p>De acordo com as informa\u00e7\u00f5es acessadas pela\u00a0<strong>TV Bahia<\/strong>, eles negociavam votos por cerca de R$ 100. Ela foi denunciada \u00e0 Justi\u00e7a por facilitar a fuga de 16 detentos em dezembro de 2024 e est\u00e1 presa desde janeiro.<!--more--><\/p>\n<p><strong>Conforme reportagem publicada pelo jornal Correio desta sexta-feira<\/strong>, as informa\u00e7\u00f5es do processo indicam que Joneuma utilizava seu cargo de gestora da unidade prisional, onde concedia benef\u00edcios a integrantes de fac\u00e7\u00f5es, para possibilitar o encontro entre Dad\u00e1 e o ex-deputado federal Uldurico Jr., padrinho pol\u00edtico de Joneuma. O ex-parlamentar foi candidato \u00e0 prefeitura de Teixeira de Freitas no \u00faltimo pleito, em 2024.<\/p>\n<p>O acordo entre eles previa o acobertamento das a\u00e7\u00f5es do PCE dentro e fora do pres\u00eddio. Para isso, eram \u201cprometidos\u201d votos dos detentos provis\u00f3rios da unidade, que pertenciam \u00e0 fac\u00e7\u00e3o, bem como de familiares e amigos, que recebiam cerca de R$ 100. Joneuma, por sua vez, ganharia apoio de Uldurico para se manter no cargo de diretora da institui\u00e7\u00e3o.<\/p>\n<p>Ainda segundo as investiga\u00e7\u00f5es, Joneuma teria recebido R$ 1,5 milh\u00e3o da fac\u00e7\u00e3o e planejava fugir para o Rio de Janeiro, onde a fac\u00e7\u00e3o PCE tem como aliado o grupo Comando Vermelho (CV). A defesa da ex-diretora nega. \u201cEm nenhum momento [ela] recebeu qualquer tipo de valor. Foi requerido a quebra do sigilo banc\u00e1rio, no momento que quiserem, eles t\u00eam acesso, porque em nenhum momento qualquer dinheiro vinculado \u00e0 fac\u00e7\u00e3o foi recebido por ela\u201d, diz o advogado.<\/p>\n<h3>Rela\u00e7\u00e3o amorosa<\/h3>\n<p>Em seu depoimento, o ex-coordenador do pres\u00eddio Wellington Oliveira, preso em janeiro por suspeita de ser c\u00famplice da ex-diretora, n\u00e3o confirmou que havia uma rela\u00e7\u00e3o amorosa entre Joneuma e Dad\u00e1, mas relatou que os dois frequentemente tinham encontros a s\u00f3s, com o visor da porta coberto por uma folha de papel, conduta que era vista com estranhamento por funcion\u00e1rios da unidade. Joneuma foi presa em janeiro deste ano, enquanto estava gr\u00e1vida. A crian\u00e7a nasceu prematura e est\u00e1 com a m\u00e3e no Conjunto Penal de Itabuna.<\/p>\n<p>Em abril, ela ingressou com pedido judicial de aux\u00edlio financeiro para arcar com custos da gravidez contra o ex-deputado federal Uldurico Junior, alegando que o pol\u00edtico seria o pai da crian\u00e7a. O ex-parlamentar, inclusive, \u00e9 citado nas investiga\u00e7\u00f5es como um dos pol\u00edticos que possu\u00edam livre acesso aos presidi\u00e1rios e n\u00e3o passavam por revistas ou inspe\u00e7\u00f5es.<\/p>\n<p>Um dos policiais penais ouvidos no processo contou que Uldurico costumava se comunicar, com certa frequ\u00eancia, com presos e lideres de fac\u00e7\u00e3o, entre eles Dad\u00e1. Procurado pela TV Bahia, o advogado do ex-parlamentar afirmou que \u201cUldurico Junior diz n\u00e3o responder a nenhuma acusa\u00e7\u00e3o e que tem pressa para fazer o teste de DNA\u201d.<strong>\u00a0Fonte: Jornal Correio\/Elaine Sanoli<\/strong><\/p>\n","protected":false},"excerpt":{"rendered":"<p>Al\u00e9m de indicar um romance entre a ex-diretora do Conjunto Penal de Eun\u00e1polis, Joneuma Silva Neres, e o l\u00edder da fac\u00e7\u00e3o Primeiro Comando de Eun\u00e1polis (PCE), Ednaldo Pereira de Souza, conhecido como Dad\u00e1, as investiga\u00e7\u00f5es do Minist\u00e9rio P\u00fablico da Bahia (MP-BA) apontaram o envolvimento dos dois em um esquema de compra de votos. De acordo [&hellip;]<\/p>\n","protected":false},"author":3,"featured_media":16889,"comment_status":"closed","ping_status":"closed","sticky":false,"template":"","format":"standard","meta":{"_links_to":"","_links_to_target":""},"categories":[1],"tags":[],"_links":{"self":[{"href":"https:\/\/www.correiodascidades.com.br\/v1\/wp-json\/wp\/v2\/posts\/16888"}],"collection":[{"href":"https:\/\/www.correiodascidades.com.br\/v1\/wp-json\/wp\/v2\/posts"}],"about":[{"href":"https:\/\/www.correiodascidades.com.br\/v1\/wp-json\/wp\/v2\/types\/post"}],"author":[{"embeddable":true,"href":"https:\/\/www.correiodascidades.com.br\/v1\/wp-json\/wp\/v2\/users\/3"}],"replies":[{"embeddable":true,"href":"https:\/\/www.correiodascidades.com.br\/v1\/wp-json\/wp\/v2\/comments?post=16888"}],"version-history":[{"count":1,"href":"https:\/\/www.correiodascidades.com.br\/v1\/wp-json\/wp\/v2\/posts\/16888\/revisions"}],"predecessor-version":[{"id":16890,"href":"https:\/\/www.correiodascidades.com.br\/v1\/wp-json\/wp\/v2\/posts\/16888\/revisions\/16890"}],"wp:featuredmedia":[{"embeddable":true,"href":"https:\/\/www.correiodascidades.com.br\/v1\/wp-json\/wp\/v2\/media\/16889"}],"wp:attachment":[{"href":"https:\/\/www.correiodascidades.com.br\/v1\/wp-json\/wp\/v2\/media?parent=16888"}],"wp:term":[{"taxonomy":"category","embeddable":true,"href":"https:\/\/www.correiodascidades.com.br\/v1\/wp-json\/wp\/v2\/categories?post=16888"},{"taxonomy":"post_tag","embeddable":true,"href":"https:\/\/www.correiodascidades.com.br\/v1\/wp-json\/wp\/v2\/tags?post=16888"}],"curies":[{"name":"wp","href":"https:\/\/api.w.org\/{rel}","templated":true}]}}