{"id":16891,"date":"2025-07-05T01:59:40","date_gmt":"2025-07-05T04:59:40","guid":{"rendered":"https:\/\/www.correiodascidades.com.br\/v1\/?p=16891"},"modified":"2025-07-05T01:59:40","modified_gmt":"2025-07-05T04:59:40","slug":"casal-e-preso-com-160-pinos-de-cocaina-durante-operacao-em-jacobina","status":"publish","type":"post","link":"https:\/\/www.correiodascidades.com.br\/v1\/2025\/07\/05\/casal-e-preso-com-160-pinos-de-cocaina-durante-operacao-em-jacobina\/","title":{"rendered":"Casal \u00e9 preso com 160 pinos de coca\u00edna durante opera\u00e7\u00e3o em Jacobina"},"content":{"rendered":"<p><img loading=\"lazy\" class=\"\" src=\"https:\/\/www.correiodascidades.com.br\/v1\/wp-content\/uploads\/2025\/07\/WhatsApp-Image-2025-07-04-at-18.28.03.jpeg-2.jpeg\" width=\"514\" height=\"338\" \/><\/p>\n<p><em>Seis celulares e R$ 15 mil tamb\u00e9m foram apreendidos com os suspeitos, durante cumprimento de mandado de busca e apreens\u00e3o<\/em><\/p>\n<p>Um casal foi preso por tr\u00e1fico de drogas em Jacobina, nesta sexta-feira (4), durante a Opera\u00e7\u00e3o Vila Feliz. O flagrante foi realizado por investigadores da 16\u00aa Coordenadoria Regional de Pol\u00edcia do Interior (Coorpin) e da Coordena\u00e7\u00e3o de Apoio T\u00e9cnico e T\u00e1tico \u00e0 Investiga\u00e7\u00e3o (CATTI\/Piemonte). <!--more--><\/p>\n<p>Mandado de busca e apreens\u00e3o foi realizado em im\u00f3veis ligados ao casal, durante investiga\u00e7\u00f5es para combater os crimes de homic\u00eddio e tr\u00e1fico. Mais de R$ 15 mil, 160 pinos de coca\u00edna e seis celulares foram apreendidos com os suspeitos.<\/p>\n<p>O material il\u00edcito foi encaminhado para a per\u00edcia e os investigados est\u00e3o \u00e0 disposi\u00e7\u00e3o da audi\u00eancia de cust\u00f3dia da Justi\u00e7a.<\/p>\n","protected":false},"excerpt":{"rendered":"<p>Seis celulares e R$ 15 mil tamb\u00e9m foram apreendidos com os suspeitos, durante cumprimento de mandado de busca e apreens\u00e3o Um casal foi preso por tr\u00e1fico de drogas em Jacobina, nesta sexta-feira (4), durante a Opera\u00e7\u00e3o Vila Feliz. O flagrante foi realizado por investigadores da 16\u00aa Coordenadoria Regional de Pol\u00edcia do Interior (Coorpin) e da [&hellip;]<\/p>\n","protected":false},"author":3,"featured_media":16892,"comment_status":"closed","ping_status":"closed","sticky":false,"template":"","format":"standard","meta":{"_links_to":"","_links_to_target":""},"categories":[1],"tags":[],"_links":{"self":[{"href":"https:\/\/www.correiodascidades.com.br\/v1\/wp-json\/wp\/v2\/posts\/16891"}],"collection":[{"href":"https:\/\/www.correiodascidades.com.br\/v1\/wp-json\/wp\/v2\/posts"}],"about":[{"href":"https:\/\/www.correiodascidades.com.br\/v1\/wp-json\/wp\/v2\/types\/post"}],"author":[{"embeddable":true,"href":"https:\/\/www.correiodascidades.com.br\/v1\/wp-json\/wp\/v2\/users\/3"}],"replies":[{"embeddable":true,"href":"https:\/\/www.correiodascidades.com.br\/v1\/wp-json\/wp\/v2\/comments?post=16891"}],"version-history":[{"count":1,"href":"https:\/\/www.correiodascidades.com.br\/v1\/wp-json\/wp\/v2\/posts\/16891\/revisions"}],"predecessor-version":[{"id":16893,"href":"https:\/\/www.correiodascidades.com.br\/v1\/wp-json\/wp\/v2\/posts\/16891\/revisions\/16893"}],"wp:featuredmedia":[{"embeddable":true,"href":"https:\/\/www.correiodascidades.com.br\/v1\/wp-json\/wp\/v2\/media\/16892"}],"wp:attachment":[{"href":"https:\/\/www.correiodascidades.com.br\/v1\/wp-json\/wp\/v2\/media?parent=16891"}],"wp:term":[{"taxonomy":"category","embeddable":true,"href":"https:\/\/www.correiodascidades.com.br\/v1\/wp-json\/wp\/v2\/categories?post=16891"},{"taxonomy":"post_tag","embeddable":true,"href":"https:\/\/www.correiodascidades.com.br\/v1\/wp-json\/wp\/v2\/tags?post=16891"}],"curies":[{"name":"wp","href":"https:\/\/api.w.org\/{rel}","templated":true}]}}